{"id":47906,"date":"2019-02-01T00:42:10","date_gmt":"2019-02-01T00:42:10","guid":{"rendered":"https:\/\/colimdo.org\/?p=47906"},"modified":"2019-02-01T00:42:20","modified_gmt":"2019-02-01T00:42:20","slug":"presidente-mexico-anuncia-equipo-beisbol-la-liga-no-lo-sabia","status":"publish","type":"post","link":"https:\/\/colimdo.org\/noticias\/presidente-mexico-anuncia-equipo-beisbol-la-liga-no-lo-sabia\/","title":{"rendered":"Presidente de M\u00e9xico anuncia equipo b\u00e9isbol y la Liga no lo sab\u00eda"},"content":{"rendered":"<p><strong>CIUDAD DE M\u00c9XICO, (EL UNIVERSAL).<\/strong>&#8211;\u00a0El presidente de M\u00e9xico Andr\u00e9s Manuel L\u00f3pez Obrador anunci\u00f3 que luego de un a\u00f1o de ausencia, los Rojos del \u00c1guila de Veracruz regresar\u00e1n a la Liga Mexicana de Beisbol (LMB) para la pr\u00f3xima temporada que inicia en marzo.<\/p>\n<p>Sin embargo, fuentes dentro del circuito veraniego se\u00f1alaron a EL UNIVERSAL Deportes que la LMB no tiene conocimiento del plan del mandatario, y que hasta el momento, no contemplaban una expansi\u00f3n a 17 equipos.<\/p>\n<p>\u201cDigamos que es el deporte favorito del presidente y \u00e9l est\u00e1 a diestra y siniestra teniendo injerencia, pero la liga como tal no planea incluir a otro equipo\u201d, revel\u00f3 la fuente.<\/p>\n<p>\u201cEl Presidente dijo en la ma\u00f1ana que van los Rojos del \u00c1guila, la verdad no tengo conocimiento al respecto de si vamos a jugar con 17 equipos, ni tampoco s\u00e9 qui\u00e9n ser\u00eda el equipo n\u00famero 18\u201d.<\/p>\n<p>El pr\u00f3ximo 5 de febrero se llevar\u00e1 a cabo una junta de due\u00f1os en la que se discutir\u00e1 el tema. \u201cAh\u00ed se ver\u00e1, pero no hay notificaci\u00f3n que los Rojos del \u00c1guila jueguen, lo que implicar\u00eda jugar con 17\u201d.<\/p>\n<p>Los Rojos del \u00c1guila de Veracruz los mudaron la temporada pasada a Tamaulipas y Texas, convirti\u00e9ndolos en los Tecolotes de los Dos Laredos.<\/p>\n","protected":false},"excerpt":{"rendered":"<p>Andr\u00e9s Manuel L\u00f3pez Obrador anunci\u00f3 que luego de un a\u00f1o de ausencia, los Rojos del \u00c1guila de Veracruz regresar\u00e1n para la pr\u00f3xima temporada.<\/p>\n","protected":false},"author":13,"featured_media":47907,"comment_status":"closed","ping_status":"closed","sticky":false,"template":"","format":"standard","meta":[],"categories":[2],"tags":[],"acf":[],"_links":{"self":[{"href":"https:\/\/colimdo.org\/wp-api\/wp\/v2\/posts\/47906"}],"collection":[{"href":"https:\/\/colimdo.org\/wp-api\/wp\/v2\/posts"}],"about":[{"href":"https:\/\/colimdo.org\/wp-api\/wp\/v2\/types\/post"}],"author":[{"embeddable":true,"href":"https:\/\/colimdo.org\/wp-api\/wp\/v2\/users\/13"}],"replies":[{"embeddable":true,"href":"https:\/\/colimdo.org\/wp-api\/wp\/v2\/comments?post=47906"}],"version-history":[{"count":1,"href":"https:\/\/colimdo.org\/wp-api\/wp\/v2\/posts\/47906\/revisions"}],"predecessor-version":[{"id":47908,"href":"https:\/\/colimdo.org\/wp-api\/wp\/v2\/posts\/47906\/revisions\/47908"}],"wp:featuredmedia":[{"embeddable":true,"href":"https:\/\/colimdo.org\/wp-api\/wp\/v2\/media\/47907"}],"wp:attachment":[{"href":"https:\/\/colimdo.org\/wp-api\/wp\/v2\/media?parent=47906"}],"wp:term":[{"taxonomy":"category","embeddable":true,"href":"https:\/\/colimdo.org\/wp-api\/wp\/v2\/categories?post=47906"},{"taxonomy":"post_tag","embeddable":true,"href":"https:\/\/colimdo.org\/wp-api\/wp\/v2\/tags?post=47906"}],"curies":[{"name":"wp","href":"https:\/\/api.w.org\/{rel}","templated":true}]}}