{"id":47916,"date":"2019-02-01T02:28:34","date_gmt":"2019-02-01T02:28:34","guid":{"rendered":"https:\/\/colimdo.org\/?p=47916"},"modified":"2019-02-01T02:28:34","modified_gmt":"2019-02-01T02:28:34","slug":"neymar-enfurece-al-preguntado-volvera-al-barcelona","status":"publish","type":"post","link":"https:\/\/colimdo.org\/noticias\/neymar-enfurece-al-preguntado-volvera-al-barcelona\/","title":{"rendered":"Neymar enfurece al ser preguntado si volver\u00e1 al Barcelona"},"content":{"rendered":"<p>ESPN. El delantero brasile\u00f1o Neymar estuvo en Barcelona para someterse a una revisi\u00f3n de la lesi\u00f3n en el pie derecho que sufri\u00f3 en un partido de Copa ante el Estrasburgo.<\/p>\n<p>Como se confirm\u00f3 en d\u00edas pasados, el crack del Par\u00eds Saint-Germain estar\u00e1 de baja diez semanas tras confirmarse una fractura del quinto metatarsiano, pues realizar\u00e1 un tratamiento de rehabilitaci\u00f3n y as\u00ed evitar\u00e1 ser operado.<\/p>\n<p>El futbolista fue captado por diversos medios de comunicaci\u00f3n en el aeropuerto del Prat, donde se dispon\u00eda a tomar un vuelo para regresar a Par\u00eds, y dej\u00f3 en evidencia que su estado an\u00edmico no es el mejor.<\/p>\n<aside class=\"inline inline-photo full\">\n<figure><picture><source srcset=\"https:\/\/a3.espncdn.com\/combiner\/i?img=%2Fphoto%2F2019%2F0130%2Fr495372_1296x729_16%2D9.jpg&amp;w=570&amp;format=jpg, https:\/\/a3.espncdn.com\/combiner\/i?img=%2Fphoto%2F2019%2F0130%2Fr495372_1296x729_16%2D9.jpg&amp;w=1140&amp;cquality=40&amp;format=jpg 2x\" media=\"(min-width: 376px)\" data-srcset=\"https:\/\/a3.espncdn.com\/combiner\/i?img=%2Fphoto%2F2019%2F0130%2Fr495372_1296x729_16%2D9.jpg&amp;w=570&amp;format=jpg, https:\/\/a3.espncdn.com\/combiner\/i?img=%2Fphoto%2F2019%2F0130%2Fr495372_1296x729_16%2D9.jpg&amp;w=1140&amp;cquality=40&amp;format=jpg 2x\" \/><source srcset=\"https:\/\/a3.espncdn.com\/combiner\/i?img=%2Fphoto%2F2019%2F0130%2Fr495372_1296x729_16%2D9.jpg&amp;w=375, https:\/\/a3.espncdn.com\/combiner\/i?img=%2Fphoto%2F2019%2F0130%2Fr495372_1296x729_16%2D9.jpg&amp;w=750&amp;cquality=40&amp;format=jpg 2x\" media=\"(max-width: 375px)\" data-srcset=\"https:\/\/a3.espncdn.com\/combiner\/i?img=%2Fphoto%2F2019%2F0130%2Fr495372_1296x729_16%2D9.jpg&amp;w=375, https:\/\/a3.espncdn.com\/combiner\/i?img=%2Fphoto%2F2019%2F0130%2Fr495372_1296x729_16%2D9.jpg&amp;w=750&amp;cquality=40&amp;format=jpg 2x\" \/><\/picture><\/figure>\n<p>Ante la insistencia de los reporteros sobre si desea volver al Barcelona y si sigue en contacto con sus excompa\u00f1eros, Neymar demostr\u00f3 visible molestia: \u201cNo me toques los cojones\u201d, respondi\u00f3, mientras segu\u00eda su camino hacia el interior de la terminal, reportaron varios medios espa\u00f1oles.<\/p>\n<p>Seg\u00fan trascendi\u00f3, el brasile\u00f1o viaj\u00f3 el mi\u00e9rcoles a Barcelona a una revisi\u00f3n m\u00e9dica que estaba prevista dentro del plan de recuperaci\u00f3n estructurado por su equipo, el Par\u00eds Saint-Germain.<\/p>\n<\/aside>\n","protected":false},"excerpt":{"rendered":"<p>El futbolista del PSG mostr\u00f3 su molestia ante medios espa\u00f1oles este jueves.<\/p>\n","protected":false},"author":16,"featured_media":47917,"comment_status":"closed","ping_status":"closed","sticky":false,"template":"","format":"standard","meta":[],"categories":[2,60],"tags":[],"acf":[],"_links":{"self":[{"href":"https:\/\/colimdo.org\/wp-api\/wp\/v2\/posts\/47916"}],"collection":[{"href":"https:\/\/colimdo.org\/wp-api\/wp\/v2\/posts"}],"about":[{"href":"https:\/\/colimdo.org\/wp-api\/wp\/v2\/types\/post"}],"author":[{"embeddable":true,"href":"https:\/\/colimdo.org\/wp-api\/wp\/v2\/users\/16"}],"replies":[{"embeddable":true,"href":"https:\/\/colimdo.org\/wp-api\/wp\/v2\/comments?post=47916"}],"version-history":[{"count":1,"href":"https:\/\/colimdo.org\/wp-api\/wp\/v2\/posts\/47916\/revisions"}],"predecessor-version":[{"id":47918,"href":"https:\/\/colimdo.org\/wp-api\/wp\/v2\/posts\/47916\/revisions\/47918"}],"wp:featuredmedia":[{"embeddable":true,"href":"https:\/\/colimdo.org\/wp-api\/wp\/v2\/media\/47917"}],"wp:attachment":[{"href":"https:\/\/colimdo.org\/wp-api\/wp\/v2\/media?parent=47916"}],"wp:term":[{"taxonomy":"category","embeddable":true,"href":"https:\/\/colimdo.org\/wp-api\/wp\/v2\/categories?post=47916"},{"taxonomy":"post_tag","embeddable":true,"href":"https:\/\/colimdo.org\/wp-api\/wp\/v2\/tags?post=47916"}],"curies":[{"name":"wp","href":"https:\/\/api.w.org\/{rel}","templated":true}]}}