{"id":47935,"date":"2019-02-01T03:22:08","date_gmt":"2019-02-01T03:22:08","guid":{"rendered":"https:\/\/colimdo.org\/?p=47935"},"modified":"2019-02-01T03:22:26","modified_gmt":"2019-02-01T03:22:26","slug":"club-rafael-barias-celebrara-semana-aniversario","status":"publish","type":"post","link":"https:\/\/colimdo.org\/noticias\/club-rafael-barias-celebrara-semana-aniversario\/","title":{"rendered":"El Club Rafael Barias celebrar\u00e1 su &#8220;Semana Aniversario&#8221;"},"content":{"rendered":"<p>SANTO DOMINGO.- El Club Deportivo y Cultural Dr. Rafael Barias realizar\u00e1 la acostumbrada \u201cSemana Aniversario\u201d, del 1 al 8 de Febrero, con una especial dedicatoria al ex directivo \u201cCarlos Sena\u201d, ex jugador de baloncesto superior, fue miembro del equipo de Arroyo Hondo 1983.<\/p>\n<p>Su presidente el profesor Amaury Duran y sus directivos contemplan el desarrollo de una serie de actividades deportivas y charlas educativas que iniciar\u00e1n con una caminata recorrido por las calles del sector que los vio nacer (Villa Consuelo).<\/p>\n<p>La entidad \u00a0busca fortalecer el v\u00ednculo y ser una pieza importante dentro de las prioridades de los ni\u00f1os y j\u00f3venes que all\u00ed reciben educaci\u00f3n deportiva, fomentando los lazos de amistad y cooperaci\u00f3n.<\/p>\n<p>El primero de febrero el club cumple 48 a\u00f1os ininterrumpidos comprometidos con formar buenos j\u00f3venes y atletas. Dentro de las actividades se encuentran Baloncesto, Voleibol, Torneo de Vitillas y un Marat\u00f3n de 2.5 kil\u00f3metros con tres premios. Tambi\u00e9n tendremos la visita de la banda de m\u00fasica del Ejercito Nacional, m\u00e1s el apoyo de los comerciantes de la zona.<\/p>\n<p>El Barias como se le conoce en el ambiente del baloncesto ha estado en cuatro series finales de los \u00faltimos torneos de baloncesto distrital alz\u00e1ndose en tres oportunidades con el campeonato.<\/p>\n","protected":false},"excerpt":{"rendered":"<p>Su presidente el profesor Amaury Duran y sus directivos contemplan el desarrollo de una serie de actividades deportivas y charlas educativas que iniciar\u00e1n con una caminata recorrido por las calles del sector que los vio nacer (Villa Consuelo).<\/p>\n","protected":false},"author":16,"featured_media":47936,"comment_status":"closed","ping_status":"closed","sticky":false,"template":"","format":"standard","meta":[],"categories":[3,2,60],"tags":[],"acf":[],"_links":{"self":[{"href":"https:\/\/colimdo.org\/wp-api\/wp\/v2\/posts\/47935"}],"collection":[{"href":"https:\/\/colimdo.org\/wp-api\/wp\/v2\/posts"}],"about":[{"href":"https:\/\/colimdo.org\/wp-api\/wp\/v2\/types\/post"}],"author":[{"embeddable":true,"href":"https:\/\/colimdo.org\/wp-api\/wp\/v2\/users\/16"}],"replies":[{"embeddable":true,"href":"https:\/\/colimdo.org\/wp-api\/wp\/v2\/comments?post=47935"}],"version-history":[{"count":2,"href":"https:\/\/colimdo.org\/wp-api\/wp\/v2\/posts\/47935\/revisions"}],"predecessor-version":[{"id":47938,"href":"https:\/\/colimdo.org\/wp-api\/wp\/v2\/posts\/47935\/revisions\/47938"}],"wp:featuredmedia":[{"embeddable":true,"href":"https:\/\/colimdo.org\/wp-api\/wp\/v2\/media\/47936"}],"wp:attachment":[{"href":"https:\/\/colimdo.org\/wp-api\/wp\/v2\/media?parent=47935"}],"wp:term":[{"taxonomy":"category","embeddable":true,"href":"https:\/\/colimdo.org\/wp-api\/wp\/v2\/categories?post=47935"},{"taxonomy":"post_tag","embeddable":true,"href":"https:\/\/colimdo.org\/wp-api\/wp\/v2\/tags?post=47935"}],"curies":[{"name":"wp","href":"https:\/\/api.w.org\/{rel}","templated":true}]}}