{"id":47952,"date":"2019-02-01T15:14:50","date_gmt":"2019-02-01T15:14:50","guid":{"rendered":"https:\/\/colimdo.org\/?p=47952"},"modified":"2019-02-01T15:14:50","modified_gmt":"2019-02-01T15:14:50","slug":"barcelona-enfrentara-al-real-madrid-semifinales-la-copa-del-rey","status":"publish","type":"post","link":"https:\/\/colimdo.org\/noticias\/barcelona-enfrentara-al-real-madrid-semifinales-la-copa-del-rey\/","title":{"rendered":"Barcelona enfrentar\u00e1 al Real Madrid en semifinales de la Copa del Rey"},"content":{"rendered":"<p>BARCELONA &#8212; Si al\u00a0Barcelona\u00a0le esperaba un febrero de v\u00e9rtigo, el sorteo de las semifinales de la Copa del Rey lo convirti\u00f3 en infernal. Le correspondi\u00f3 en suerte el\u00a0Real Madrid, rival con el que cerrar\u00e1 en la vuelta de esta eliminatoria un mes con siete partidos en los que, debiendo reafirmar su papel de favorito en la Liga, abrir\u00e1 los octavos de final de la Champions en Lyon&#8230; Y se jugar\u00e1 el pase a la final de Copa con este Cl\u00e1sico explosivo. La otra serie ser\u00e1 entre\u00a0Valencia\u00a0y el\u00a0Betis\u00a0de Guardado y Lainez.<\/p>\n<p>La ida se celebrar\u00e1 el 6 de febrero en los estadios Benito Villamar\u00edn y el Camp Nou, y la vuelta el 27 de este mes en Mestalla y Santiago Bernab\u00e9u, y entre esas dos fechas se jugar\u00e1n la ida de octavos de final de la Liga de Campeones y las eliminatorias de dieciseisavos de final de la Liga Europa.<\/p>\n<p>El partido de vuelta, en el Camp Nou, se disputar\u00e1 tres d\u00edas antes del Cl\u00e1sico de Liga en el Bernab\u00e9u, donde el equipo de Solari tendr\u00eda la ocasi\u00f3n de reengancharse al campeonato de la regularidad, teniendo en cuenta que en las cuatro jornadas previas el calendario es, a priori, mucho m\u00e1s exigente para el grupo de Valverde.<\/p>\n<p>M\u00e1s all\u00e1 de la excitaci\u00f3n que provoca esta final adelantada y de que alrededor del club fueran mayor\u00eda los que deseaban el cruce con los merengues, en el vestuario azulgrana el emparejamiento no se recibi\u00f3 con tanta euforia. El choque de ida queda encuadrado entre dos duelos que se aventuran de m\u00e1xima tensi\u00f3n: primero ante el Valencia en el Camp Nou, este s\u00e1bado, y despu\u00e9s, el siguiente domingo, en San Mam\u00e9s frente al Athletic de Bilbao.<\/p>\n<p>Son dos partidos hist\u00f3ricamente complicados para el Bar\u00e7a y que provocan absoluto respeto en la situaci\u00f3n actual de los dos equipos: el Valencia, que enfrentar\u00e1 al Betis de Guardado y Lainez en la otra eliminatoria copera, suma dos victorias consecutivas en la Liga y, situado en s\u00e9ptima posici\u00f3n, parece ir dejando atr\u00e1s su horroroso inicio de temporada; el Athletic, por su parte, suma siete jornadas sin perder y ha abandonado el fantasma del descenso.<\/p>\n<p>Si el Real Madrid, que este jueves se clasific\u00f3 sin m\u00e1s problemas en Girona, tiene el derbi en el Wanda Metropolitano como gran prueba el 9 de febrero, sus otros rivales ligueros dan a pensar en mayor comodidad comparada con el Bar\u00e7a, debiendo recibir a Alav\u00e9s y Girona antes de visitar al Levante, como previo al partido de vuelta de la semifinal de Copa y despu\u00e9s de haber visitado en Champions al Ajax.<\/p>\n","protected":false},"excerpt":{"rendered":"<p>La ida se celebrar\u00e1 el 6 de febrero en los estadios Benito Villamar\u00edn y el Camp Nou, y la vuelta el 27 de este mes en Mestalla y Santiago Bernab\u00e9u, y entre esas dos fechas se jugar\u00e1n la ida de octavos de final de la Liga de Campeones y las eliminatorias de dieciseisavos de final de la Liga Europa.<\/p>\n","protected":false},"author":16,"featured_media":47956,"comment_status":"closed","ping_status":"closed","sticky":false,"template":"","format":"standard","meta":[],"categories":[2,60],"tags":[],"acf":[],"_links":{"self":[{"href":"https:\/\/colimdo.org\/wp-api\/wp\/v2\/posts\/47952"}],"collection":[{"href":"https:\/\/colimdo.org\/wp-api\/wp\/v2\/posts"}],"about":[{"href":"https:\/\/colimdo.org\/wp-api\/wp\/v2\/types\/post"}],"author":[{"embeddable":true,"href":"https:\/\/colimdo.org\/wp-api\/wp\/v2\/users\/16"}],"replies":[{"embeddable":true,"href":"https:\/\/colimdo.org\/wp-api\/wp\/v2\/comments?post=47952"}],"version-history":[{"count":1,"href":"https:\/\/colimdo.org\/wp-api\/wp\/v2\/posts\/47952\/revisions"}],"predecessor-version":[{"id":47957,"href":"https:\/\/colimdo.org\/wp-api\/wp\/v2\/posts\/47952\/revisions\/47957"}],"wp:featuredmedia":[{"embeddable":true,"href":"https:\/\/colimdo.org\/wp-api\/wp\/v2\/media\/47956"}],"wp:attachment":[{"href":"https:\/\/colimdo.org\/wp-api\/wp\/v2\/media?parent=47952"}],"wp:term":[{"taxonomy":"category","embeddable":true,"href":"https:\/\/colimdo.org\/wp-api\/wp\/v2\/categories?post=47952"},{"taxonomy":"post_tag","embeddable":true,"href":"https:\/\/colimdo.org\/wp-api\/wp\/v2\/tags?post=47952"}],"curies":[{"name":"wp","href":"https:\/\/api.w.org\/{rel}","templated":true}]}}