{"id":47953,"date":"2019-02-01T15:02:31","date_gmt":"2019-02-01T15:02:31","guid":{"rendered":"https:\/\/colimdo.org\/?p=47953"},"modified":"2019-02-01T15:02:53","modified_gmt":"2019-02-01T15:02:53","slug":"kazajistan-suma-dos-puntos-olfatea-la-final-la-copa-davis","status":"publish","type":"post","link":"https:\/\/colimdo.org\/noticias\/kazajistan-suma-dos-puntos-olfatea-la-final-la-copa-davis\/","title":{"rendered":"Kazajist\u00e1n suma dos puntos y olfatea la final de la Copa Davis"},"content":{"rendered":"<p><strong>Astan\u00e1, (EFE).<\/strong>&#8211; La selecci\u00f3n de tenis de Kazajist\u00e1n asest\u00f3 este viernes dos derrotas a la de Portugal y qued\u00f3 en inmejorable posici\u00f3n para hacerse con el pase a la fase final de la Copa Davis en su nuevo formato, que se disputar\u00e1 en la Caja M\u00e1gica de Madrid del 18 al 24 noviembre.<\/p>\n<p>En el duelo de apertura de individuales, la sorpresa la brind\u00f3 el kazajo Alexander Bublik (171 en la clasificaci\u00f3n mundial), que se impuso a la primera raqueta lusa, Joao Sousa (39), por 6-7 (1), 6-4 y 6-4, en un partido que dur\u00f3 2 horas y 22 minutos.<\/p>\n<p>El jugador local, diestro, logr\u00f3 remontar el marcador gracias a la gran potencia y colocaci\u00f3n de su servicio, con el que consigui\u00f3 25 ases, 11 de ellos en la tercera y definitiva manga.<\/p>\n<p>Ya con el primer punto en la hucha, salt\u00f3 la pista del Centro Nacional de Tenis de Astan\u00e1 el n\u00famero uno kazajo, Mikhail Kukushkin (52), que gan\u00f3 c\u00f3modamente a Pedro Sousa (100) por un doble 6-2 en 68 minutos.<\/p>\n<p>Kukushkin, al igual que su compa\u00f1ero de equipo, hizo valer su mejor primer servicio y se vio favorecido por el juego algo err\u00e1tico del tenista portugu\u00e9s, que acumul\u00f3 32 errores no forzados.<\/p>\n<p>Este s\u00e1bado, en la segunda y \u00faltima jornada de la eliminatoria, se disputar\u00e1 el partido de dobles, que lo protagonizar\u00e1n a partir de las 12:00 hora local (06:00 GMT) la pareja kazaja integrada por Aleksandr Nedovy\u00e9sov y Timur Kabibulin y la portuguesa con Gastao El\u00edas y Joao Sousa.<\/p>\n<p>A continuaci\u00f3n se medir\u00e1n Kukushin y Joao Sousa, tras lo cual cerrar\u00e1n el duelo Bublik y Pedro Sousa.<\/p>\n<p>Esta es la primera vez que Kazajist\u00e1n se enfrenta en Copa Davis con Portugal, que nunca lleg\u00f3 a acceder al Grupo Mundial de esta competici\u00f3n en su anterior formato.<\/p>\n<p>Mientras, los kazajos han competido en ocho ocasiones en la m\u00e1xima categor\u00eda y en cinco de ellas alcanzaron los cuartos de final.<\/p>\n<p>En la pasada edici\u00f3n de la Davis los tenistas kazajos fueron eliminados en cuartos por los croatas, que a la postre se proclamaron campeones.<\/p>\n","protected":false},"excerpt":{"rendered":"<p>La selecci\u00f3n de tenis de Kazajist\u00e1n asest\u00f3 este viernes dos derrotas a la de Portugal y qued\u00f3 en inmejorable posici\u00f3n para la final de la Copa Davis.<\/p>\n","protected":false},"author":13,"featured_media":47954,"comment_status":"closed","ping_status":"closed","sticky":false,"template":"","format":"standard","meta":[],"categories":[2],"tags":[],"acf":[],"_links":{"self":[{"href":"https:\/\/colimdo.org\/wp-api\/wp\/v2\/posts\/47953"}],"collection":[{"href":"https:\/\/colimdo.org\/wp-api\/wp\/v2\/posts"}],"about":[{"href":"https:\/\/colimdo.org\/wp-api\/wp\/v2\/types\/post"}],"author":[{"embeddable":true,"href":"https:\/\/colimdo.org\/wp-api\/wp\/v2\/users\/13"}],"replies":[{"embeddable":true,"href":"https:\/\/colimdo.org\/wp-api\/wp\/v2\/comments?post=47953"}],"version-history":[{"count":1,"href":"https:\/\/colimdo.org\/wp-api\/wp\/v2\/posts\/47953\/revisions"}],"predecessor-version":[{"id":47955,"href":"https:\/\/colimdo.org\/wp-api\/wp\/v2\/posts\/47953\/revisions\/47955"}],"wp:featuredmedia":[{"embeddable":true,"href":"https:\/\/colimdo.org\/wp-api\/wp\/v2\/media\/47954"}],"wp:attachment":[{"href":"https:\/\/colimdo.org\/wp-api\/wp\/v2\/media?parent=47953"}],"wp:term":[{"taxonomy":"category","embeddable":true,"href":"https:\/\/colimdo.org\/wp-api\/wp\/v2\/categories?post=47953"},{"taxonomy":"post_tag","embeddable":true,"href":"https:\/\/colimdo.org\/wp-api\/wp\/v2\/tags?post=47953"}],"curies":[{"name":"wp","href":"https:\/\/api.w.org\/{rel}","templated":true}]}}