{"id":47958,"date":"2019-02-01T15:43:30","date_gmt":"2019-02-01T15:43:30","guid":{"rendered":"https:\/\/colimdo.org\/?p=47958"},"modified":"2019-02-01T15:43:47","modified_gmt":"2019-02-01T15:43:47","slug":"estadio-rod-carew-recibe-visto-bueno-mlb-serie-del-caribe","status":"publish","type":"post","link":"https:\/\/colimdo.org\/noticias\/estadio-rod-carew-recibe-visto-bueno-mlb-serie-del-caribe\/","title":{"rendered":"Estadio Rod Carew recibe visto bueno de MLB para Serie del Caribe"},"content":{"rendered":"<p><strong>Panam\u00e1, (PL)<\/strong>. El estadio Rod Carew recibi\u00f3 el visto bueno de las Grandes Ligas del b\u00e9isbol estadounidense (MLB) para la Serie del Caribe, revel\u00f3 David Salayand\u00eda, presidente de la Liga Profesional de B\u00e9isbol de Panam\u00e1, seg\u00fan publica este viernes ESPN.<\/p>\n<p>Esa instalaci\u00f3n ser\u00e1 la encargada de acoger el torneo regional, luego de que la Confederaci\u00f3n de B\u00e9isbol Profesional del Caribe (CBPC) le otorgara a Panam\u00e1 la sede este lunes, en detrimento de la ciudad venezolana de Barquisimeto.<\/p>\n<p>\u201cEs una carrera contra reloj, sabemos que faltan algunas cosas en el estadio, y estamos trabajando para dejar a punto toda la log\u00edstica que lleva el evento, pero el terreno pas\u00f3 la aprobaci\u00f3n de MLB\u201d, asegur\u00f3 el directivo en entrevista concedida a la referida cadena deportiva.<\/p>\n<p>La organizaci\u00f3n del certamen le correspond\u00eda a Venezuela pero le fue reasignada a la naci\u00f3n istme\u00f1a tomando como base la situaci\u00f3n pol\u00edtica en el pa\u00eds sudamericano, una vez que Washington y pa\u00edses aliados reconocieron al autoproclamado presidente Juan Guaid\u00f3, acto calificado por Caracas como un golpe de Estado y una flagrante violaci\u00f3n de la institucionalidad.<\/p>\n<p>\u201cL\u00e1stima que no se pudo hacer la Serie en Venezuela, pero estamos aqu\u00ed como pa\u00eds para abrirles los brazos a la Confederaci\u00f3n (CBPC)&#8217;, declar\u00f3 Salayand\u00eda, para quien la noticia constituy\u00f3 una &#8216;agradable sorpresa y agradable problema, porque el tiempo es nuestro peor enemigo, sin embargo tenemos toda la disponibilidad\u201d.<\/p>\n<p>Por primera vez en la historia de la llamada Peque\u00f1a Serie Mundial Latinoamericana participar\u00e1n seis selecciones.<br \/>\nTras el sorteo realizado este mi\u00e9rcoles en las oficinas de la CBPC en Santo Domingo, el grupo A los integran Le\u00f1adores de Las Tunas (Cuba), Cardenales de Lara (Venezuela) y Charros de Jalisco (M\u00e9xico).<\/p>\n<p>En tanto, en el sector B estar\u00e1n Estrellas Orientales (Rep\u00fablica Dominicana), Cangrejeros de Santurce (Puerto Rico) y los anfitriones Toros de Herrera.<\/p>\n<p>La competencia comenzar\u00e1 el pr\u00f3ximo 4 de febrero y cada equipo jugar\u00e1 dos veces con los miembros de su llave en la fase clasificatoria.<br \/>\nPosteriormente, los primeros lugares se enfrentar\u00e1n en la gran final, prevista para el domingo 10 de febrero.<\/p>\n<p>Esta es la cuarta vez que Panam\u00e1 acoger\u00e1 la Serie del Caribe, luego de 1952, 1956 y 1960.<\/p>\n","protected":false},"excerpt":{"rendered":"<p>La edificaci\u00f3n ser\u00e1 la encargada de acoger el torneo regional, luego de que la Confederaci\u00f3n de B\u00e9isbol Profesional del Caribe (CBPC) le otorgara a Panam\u00e1 la sede<\/p>\n","protected":false},"author":13,"featured_media":47959,"comment_status":"closed","ping_status":"closed","sticky":false,"template":"","format":"standard","meta":[],"categories":[2],"tags":[],"acf":[],"_links":{"self":[{"href":"https:\/\/colimdo.org\/wp-api\/wp\/v2\/posts\/47958"}],"collection":[{"href":"https:\/\/colimdo.org\/wp-api\/wp\/v2\/posts"}],"about":[{"href":"https:\/\/colimdo.org\/wp-api\/wp\/v2\/types\/post"}],"author":[{"embeddable":true,"href":"https:\/\/colimdo.org\/wp-api\/wp\/v2\/users\/13"}],"replies":[{"embeddable":true,"href":"https:\/\/colimdo.org\/wp-api\/wp\/v2\/comments?post=47958"}],"version-history":[{"count":1,"href":"https:\/\/colimdo.org\/wp-api\/wp\/v2\/posts\/47958\/revisions"}],"predecessor-version":[{"id":47960,"href":"https:\/\/colimdo.org\/wp-api\/wp\/v2\/posts\/47958\/revisions\/47960"}],"wp:featuredmedia":[{"embeddable":true,"href":"https:\/\/colimdo.org\/wp-api\/wp\/v2\/media\/47959"}],"wp:attachment":[{"href":"https:\/\/colimdo.org\/wp-api\/wp\/v2\/media?parent=47958"}],"wp:term":[{"taxonomy":"category","embeddable":true,"href":"https:\/\/colimdo.org\/wp-api\/wp\/v2\/categories?post=47958"},{"taxonomy":"post_tag","embeddable":true,"href":"https:\/\/colimdo.org\/wp-api\/wp\/v2\/tags?post=47958"}],"curies":[{"name":"wp","href":"https:\/\/api.w.org\/{rel}","templated":true}]}}