{"id":47964,"date":"2019-02-01T18:54:02","date_gmt":"2019-02-01T18:54:02","guid":{"rendered":"https:\/\/colimdo.org\/?p=47964"},"modified":"2019-02-01T18:54:02","modified_gmt":"2019-02-01T18:54:02","slug":"presentaran-documental-107-medallas-rd-barranquilla","status":"publish","type":"post","link":"https:\/\/colimdo.org\/noticias\/presentaran-documental-107-medallas-rd-barranquilla\/","title":{"rendered":"Presentar\u00e1n documental sobre 107 medallas RD en Barranquilla"},"content":{"rendered":"<p>SANTO DOMINGO. Un documental de casi una hora de duraci\u00f3n, narrando la gran actuaci\u00f3n dominicana en los XXIII Juegos Deportivos Centroamericanos y del Caribe de Barranquilla,\u00a0Colombia, ser\u00e1 presentado el lunes 11 de febrero.<\/p>\n<p>El Ministro de Deportes, licenciado Danilo D\u00edaz, est\u00e1 invitando a los\u00a0\u00a0atletas y miembros de la delegaci\u00f3n nacional a este evento, que tendr\u00e1 lugar a las 6:00 de la tarde de la indicada fecha en el auditorio del Pabell\u00f3n de la Fama del Deporte Dominicano, ubicado en el Centro Ol\u00edmpico Juan Pablo Duarte.<\/p>\n<p>El documental \u201cBarranquilla RD 107\u201d fue producido por la empresa CinePlus,\u00a0\u00a0como productor ejecutivo el periodista H\u00e9ctor J. Cruz,\u00a0\u00a0con la participaci\u00f3n de un peque\u00f1o grupo de profesionales. La periodista Carmen Aybar funge como asistente de producci\u00f3n y puso su voz. El texto corresponde a Ram\u00f3n Rodr\u00edguez y la edici\u00f3n a Jonathan Reyes.<\/p>\n<p>En el mismo se narra la conquista de las\u00a0\u00a0107 medallas alcanzadas por el pa\u00eds en los Juegos Barranquilla 2018, lo cual la convirti\u00f3 en la delegaci\u00f3n de mayor progreso porcentual entre los pa\u00edses participantes. Eso incluy\u00f3 25 medallas de oro.<\/p>\n<p>El documental contiene, adem\u00e1s, testimonios de decenas de atletas medallistas y de la dirigencia nacional, como el propio Ministro de Deportes, el presidente del Comit\u00e9 Ol\u00edmpico Dominicano, Luisin Mej\u00eda; el presidente de CRESO (Creando Sue\u00f1os Ol\u00edmpicos), empresario Felipe Vicini; y el jefe de la delegaci\u00f3n, Edwin Rodr\u00edguez.<\/p>\n<p>La organizaci\u00f3n del acto\u00a0\u00a0del documental est\u00e1 a cargo de Vicente Mej\u00eda, director de comunicaciones del Ministerio de Deportes, y Fernando Rodr\u00edguez, director ejecutivo del Pabell\u00f3n de la Fama.<\/p>\n<p>En el acto hablar\u00e1n el Ministro de Deportes, el Jefe de la Delegaci\u00f3n Nacional a los Juegos, as\u00ed como el tenista V\u00edctor Estrella,\u00a0\u00a0ganador de tres medallas de oro.<\/p>\n<p>Una copia de dicho video ser\u00e1 obsequiada a cada miembro de la delegaci\u00f3n dominicana, inform\u00f3 Danilo D\u00edaz.\u00a0\u00a0El documental tiene el patrocinio del Ministerio de Deportes,\u00a0\u00a0el Comit\u00e9 Ol\u00edmpico, el Ayuntamiento del Distrito Nacional y la empresa el\u00e9ctrica Egehid.<\/p>\n","protected":false},"excerpt":{"rendered":"<p>SANTO DOMINGO. Un documental de casi una hora de duraci\u00f3n, narrando la gran actuaci\u00f3n dominicana en los XXIII Juegos Deportivos Centroamericanos y del Caribe de Barranquilla,\u00a0Colombia, ser\u00e1 presentado el lunes 11 de febrero. El Ministro de Deportes, licenciado Danilo D\u00edaz, est\u00e1 invitando a los\u00a0\u00a0atletas y miembros de la delegaci\u00f3n nacional a este evento, que tendr\u00e1 [&hellip;]<\/p>\n","protected":false},"author":9,"featured_media":47965,"comment_status":"closed","ping_status":"closed","sticky":false,"template":"","format":"standard","meta":[],"categories":[2,60],"tags":[],"acf":[],"_links":{"self":[{"href":"https:\/\/colimdo.org\/wp-api\/wp\/v2\/posts\/47964"}],"collection":[{"href":"https:\/\/colimdo.org\/wp-api\/wp\/v2\/posts"}],"about":[{"href":"https:\/\/colimdo.org\/wp-api\/wp\/v2\/types\/post"}],"author":[{"embeddable":true,"href":"https:\/\/colimdo.org\/wp-api\/wp\/v2\/users\/9"}],"replies":[{"embeddable":true,"href":"https:\/\/colimdo.org\/wp-api\/wp\/v2\/comments?post=47964"}],"version-history":[{"count":1,"href":"https:\/\/colimdo.org\/wp-api\/wp\/v2\/posts\/47964\/revisions"}],"predecessor-version":[{"id":47966,"href":"https:\/\/colimdo.org\/wp-api\/wp\/v2\/posts\/47964\/revisions\/47966"}],"wp:featuredmedia":[{"embeddable":true,"href":"https:\/\/colimdo.org\/wp-api\/wp\/v2\/media\/47965"}],"wp:attachment":[{"href":"https:\/\/colimdo.org\/wp-api\/wp\/v2\/media?parent=47964"}],"wp:term":[{"taxonomy":"category","embeddable":true,"href":"https:\/\/colimdo.org\/wp-api\/wp\/v2\/categories?post=47964"},{"taxonomy":"post_tag","embeddable":true,"href":"https:\/\/colimdo.org\/wp-api\/wp\/v2\/tags?post=47964"}],"curies":[{"name":"wp","href":"https:\/\/api.w.org\/{rel}","templated":true}]}}