{"id":47973,"date":"2019-02-01T19:08:10","date_gmt":"2019-02-01T19:08:10","guid":{"rendered":"https:\/\/colimdo.org\/?p=47973"},"modified":"2019-02-01T19:08:10","modified_gmt":"2019-02-01T19:08:10","slug":"inauguracion-lima-2019-estara-cargo-del-equipo-rio-2016","status":"publish","type":"post","link":"https:\/\/colimdo.org\/noticias\/inauguracion-lima-2019-estara-cargo-del-equipo-rio-2016\/","title":{"rendered":"Inauguraci\u00f3n de Lima 2019 estar\u00e1 a cargo del mismo equipo de R\u00edo 2016"},"content":{"rendered":"<p>Las ceremonias de inauguraci\u00f3n y clausura de los Juegos Panamericanos de Lima 2019 correr\u00e1n a cargo de la misma empresa que realiz\u00f3 el acto de apertura de los Juegos Ol\u00edmpicos de R\u00edo de Janeiro 2016, seg\u00fan anunci\u00f3 este jueves el comit\u00e9 organizador en un comunicado.<\/p>\n<p>La compa\u00f1\u00eda italiana Balich Worldwide Shows, con sede en Mil\u00e1n, fue escogida por los organizadores para producir ambas ceremonias, que se celebrar\u00e1n el 26 de julio y el 11 de agosto, respectivamente, en el Estadio Nacional de Lima.<\/p>\n<p>Adem\u00e1s de estar en R\u00edo 2016, donde la ceremonia de inauguraci\u00f3n se centr\u00f3 en la sostenibilidad del medio ambiente, esta empresa italiana tambi\u00e9n realiz\u00f3 las ceremonias de los Juegos Ol\u00edmpicos de invierno de Tur\u00edn 2006 y Sochi 2014.<\/p>\n<p>La promotora italiana result\u00f3 ganadora del concurso convocado por la organizaci\u00f3n de los Juegos Panamericanos tras un proceso de selecci\u00f3n que tom\u00f3 tres meses y en el que se presentaron dieciocho empresas entre peruanas y de otras nacionalidades.<\/p>\n<p>El convenio fue firmado este jueves entre el presidente del comit\u00e9 organizador de Lima 2019, Carlos Neuhaus; el gerente de Comunicaciones, Comercial y Mercadotecnia de Lima 2019, Juan Antonio Silva, y Simone Merico, representante de la firma italiana.<\/p>\n<p>Los Juegos Panamericanos son el acontecimiento deportivo m\u00e1s multitudinario del continente americano al reunir a m\u00e1s de 6.600 deportistas de 41 pa\u00edses.<\/p>\n<p>En esta ocasi\u00f3n competir\u00e1n en 62 disciplinas de 39 deportes y sus pruebas ser\u00e1n clasificatorias para los Juegos Ol\u00edmpicos de Tokio 2020 en 25 disciplinas deportivas.<\/p>\n<p><strong>EFE<\/strong><\/p>\n","protected":false},"excerpt":{"rendered":"<p>Las ceremonias de inauguraci\u00f3n y clausura de los Juegos Panamericanos de Lima 2019 correr\u00e1n a cargo de la misma empresa que realiz\u00f3 el acto de apertura de los Juegos Ol\u00edmpicos de R\u00edo de Janeiro 2016, seg\u00fan anunci\u00f3 este jueves el comit\u00e9 organizador en un comunicado. La compa\u00f1\u00eda italiana Balich Worldwide Shows, con sede en Mil\u00e1n, [&hellip;]<\/p>\n","protected":false},"author":9,"featured_media":47974,"comment_status":"closed","ping_status":"closed","sticky":false,"template":"","format":"standard","meta":[],"categories":[2,60],"tags":[],"acf":[],"_links":{"self":[{"href":"https:\/\/colimdo.org\/wp-api\/wp\/v2\/posts\/47973"}],"collection":[{"href":"https:\/\/colimdo.org\/wp-api\/wp\/v2\/posts"}],"about":[{"href":"https:\/\/colimdo.org\/wp-api\/wp\/v2\/types\/post"}],"author":[{"embeddable":true,"href":"https:\/\/colimdo.org\/wp-api\/wp\/v2\/users\/9"}],"replies":[{"embeddable":true,"href":"https:\/\/colimdo.org\/wp-api\/wp\/v2\/comments?post=47973"}],"version-history":[{"count":1,"href":"https:\/\/colimdo.org\/wp-api\/wp\/v2\/posts\/47973\/revisions"}],"predecessor-version":[{"id":47975,"href":"https:\/\/colimdo.org\/wp-api\/wp\/v2\/posts\/47973\/revisions\/47975"}],"wp:featuredmedia":[{"embeddable":true,"href":"https:\/\/colimdo.org\/wp-api\/wp\/v2\/media\/47974"}],"wp:attachment":[{"href":"https:\/\/colimdo.org\/wp-api\/wp\/v2\/media?parent=47973"}],"wp:term":[{"taxonomy":"category","embeddable":true,"href":"https:\/\/colimdo.org\/wp-api\/wp\/v2\/categories?post=47973"},{"taxonomy":"post_tag","embeddable":true,"href":"https:\/\/colimdo.org\/wp-api\/wp\/v2\/tags?post=47973"}],"curies":[{"name":"wp","href":"https:\/\/api.w.org\/{rel}","templated":true}]}}