{"id":47988,"date":"2019-02-01T21:25:07","date_gmt":"2019-02-01T21:25:07","guid":{"rendered":"https:\/\/colimdo.org\/?p=47988"},"modified":"2019-02-01T21:25:22","modified_gmt":"2019-02-01T21:25:22","slug":"cod-hara-premiacion-gran-gala-olimpica-2019-este-mes","status":"publish","type":"post","link":"https:\/\/colimdo.org\/noticias\/cod-hara-premiacion-gran-gala-olimpica-2019-este-mes\/","title":{"rendered":"COD har\u00e1 premiaci\u00f3n \u201cGran Gala Ol\u00edmpica\u201d 2019 este mes"},"content":{"rendered":"<p><strong>SANTO DOMINGO.<\/strong>&#8211; El Comit\u00e9 Ol\u00edmpico Dominicano (COD) anunci\u00f3 la celebraci\u00f3n de la \u201cGran Gala Ol\u00edmpica\u201d para el 21 de febrero pr\u00f3ximo, donde premiar\u00e1 a los atletas m\u00e1s relevantes del 2018.<\/p>\n<p>El gran ceremonial de premiaci\u00f3n se llevar\u00e1 en el Gran Sal\u00f3n La Fiesta del hotel Jaragua, a partir de las 6:30 de la noche.<\/p>\n<p>La \u201cGran Gala Ol\u00edmpica\u201d es la principal fiesta deportiva del deporte dominicano, donde se premian a los atletas que m\u00e1s trascendieron durante el pasado a\u00f1o, tambi\u00e9n se aprovecha la ocasi\u00f3n para reconocer a instituciones y personalidades que han ofrecido un servicio al deporte del pa\u00eds. El evento cuenta con el respaldo del Ministerio de Deportes y la Cervecer\u00eda Nacional Dominicana.<\/p>\n<p>Una nota de la Direcci\u00f3n de Prensa del COD indica que al evento est\u00e1n siendo invitadas funcionarios del Gobierno, del sector privado, el cuerpo diplom\u00e1tico acreditado en el pa\u00eds y otras personalidades.<\/p>\n<p>\u201cEstamos preparando una gran fiesta del deporte\u201d, dijo el licenciado Luis Mej\u00eda Oviedo, presidente del COD, al se\u00f1alar que la tradicional fiesta deportiva ser\u00e1 una noche para recordar.<\/p>\n<p>Explic\u00f3 que se prepara un programa \u00e1gil y entretenido, y que adem\u00e1s de la premiaci\u00f3n y reconocimientos, habr\u00e1 presentaciones art\u00edsticas.<\/p>\n<p>Mej\u00eda Oviedo, quien tambi\u00e9n es miembro del Comit\u00e9 Ol\u00edmpico Internacional, sostuvo que se trabaja en el programa de esa noche.<\/p>\n<p>Es una tradici\u00f3n que el COD celebre la Gala Ol\u00edmpica todos los a\u00f1os, evento en el que se premia a los atletas m\u00e1s destacados de cada deporte y tambi\u00e9n se distingue el deportista que mayores logros haya tenido el pasado a\u00f1o.<\/p>\n<p>\u201cEsta ser\u00e1 la fiesta del deporte, la noche en que todos nos reunimos para festejar y compartir\u201d, a\u00f1adi\u00f3 Mej\u00eda Oviedo.<\/p>\n<p>Oportunamente, el COD estar\u00e1 ofreciendo los nombres de los deportistas que ser\u00e1n galardonado en la \u201cGran Gala Ol\u00edmpica\u201d.<\/p>\n","protected":false},"excerpt":{"rendered":"<p>El gran ceremonial de premiaci\u00f3n se llevar\u00e1  a cabo el 21 de febrero en el Gran Sal\u00f3n La Fiesta del hotel Jaragua, a partir de las 6:30 de la noche.<\/p>\n","protected":false},"author":13,"featured_media":47989,"comment_status":"closed","ping_status":"closed","sticky":false,"template":"","format":"standard","meta":[],"categories":[2,60],"tags":[],"acf":[],"_links":{"self":[{"href":"https:\/\/colimdo.org\/wp-api\/wp\/v2\/posts\/47988"}],"collection":[{"href":"https:\/\/colimdo.org\/wp-api\/wp\/v2\/posts"}],"about":[{"href":"https:\/\/colimdo.org\/wp-api\/wp\/v2\/types\/post"}],"author":[{"embeddable":true,"href":"https:\/\/colimdo.org\/wp-api\/wp\/v2\/users\/13"}],"replies":[{"embeddable":true,"href":"https:\/\/colimdo.org\/wp-api\/wp\/v2\/comments?post=47988"}],"version-history":[{"count":1,"href":"https:\/\/colimdo.org\/wp-api\/wp\/v2\/posts\/47988\/revisions"}],"predecessor-version":[{"id":47990,"href":"https:\/\/colimdo.org\/wp-api\/wp\/v2\/posts\/47988\/revisions\/47990"}],"wp:featuredmedia":[{"embeddable":true,"href":"https:\/\/colimdo.org\/wp-api\/wp\/v2\/media\/47989"}],"wp:attachment":[{"href":"https:\/\/colimdo.org\/wp-api\/wp\/v2\/media?parent=47988"}],"wp:term":[{"taxonomy":"category","embeddable":true,"href":"https:\/\/colimdo.org\/wp-api\/wp\/v2\/categories?post=47988"},{"taxonomy":"post_tag","embeddable":true,"href":"https:\/\/colimdo.org\/wp-api\/wp\/v2\/tags?post=47988"}],"curies":[{"name":"wp","href":"https:\/\/api.w.org\/{rel}","templated":true}]}}