{"id":47998,"date":"2019-02-02T03:14:11","date_gmt":"2019-02-02T03:14:11","guid":{"rendered":"https:\/\/colimdo.org\/?p=47998"},"modified":"2019-02-02T03:14:11","modified_gmt":"2019-02-02T03:14:11","slug":"danilo-medina-entrega-bandera-nacional-las-estrellas-orientales","status":"publish","type":"post","link":"https:\/\/colimdo.org\/noticias\/danilo-medina-entrega-bandera-nacional-las-estrellas-orientales\/","title":{"rendered":"Danilo Medina entrega Bandera Nacional a las Estrellas Orientales"},"content":{"rendered":"<p>SANTO DOMINGO. El j\u00fabilo deportivo lleg\u00f3 al Palacio Nacional con las Estrellas Orientales.\u00a0El Presidente de la Rep\u00fablica Dominicana, Danilo Medina S\u00e1nchez, entreg\u00f3 la Bandera Nacional a las Estrellas, escuadra que desde este lunes participar\u00e1 en la Serie del Caribe de 2019, por celebrarse en el estadio Rod Carew de Panam\u00e1.<\/p>\n<p>Medina S\u00e1nchez hizo entrega de la ense\u00f1a tricolor a los ejecutivos, jugadores y t\u00e9cnicos del equipo de San Pedro de Macor\u00eds durante un acto celebrado en el Sal\u00f3n de Embajadores de la casa de gobierno. \u201cLas Estrellas ten\u00edan 51 a\u00f1os sin representarnos en el exterior, que bateen por 51\u201d, pidi\u00f3\u00a0el jefe de la naci\u00f3n al final de la actividad. \u201cQue traigan la copa\u201d, agreg\u00f3.<\/p>\n<p>El primer mandatario encabez\u00f3 una l\u00ednea de honor en la que estuvieron los ministros de la Presidencia y de Deportes, Gustavo Montalvo y Danilo Diaz Vizca\u00edno, respectivamente, adem\u00e1s del consultor jur\u00eddico del Poder Ejecutivo, Flavio Dar\u00edo Espinal; Vitelio Mej\u00eda Ortiz, presidente de la Liga de B\u00e9isbol Profesional de Rep\u00fablica Dominicana (Lidom); Jos\u00e9 Mall\u00e9n y Jos\u00e9 Mall\u00e9n Calac, presidente y vicepresidente ejecutivo de las Estrellas, respectivamente.<\/p>\n<p>Winston Llenas, vicepresidente de Lidom; el comisionado de b\u00e9isbol, Ricky Noboa, y el pelotero de Grandes Ligas, Robinson Can\u00f3, tambi\u00e9n integraron la fila.<\/p>\n<p>Medina S\u00e1nchez recibi\u00f3 de Jos\u00e9 Mall\u00e9n una r\u00e9plica del trofeo que conquistaron las Estrellas durante el torneo de b\u00e9isbol invernal, adem\u00e1s de una gorra y un y un t-shirt alusivos al campeonato.<\/p>\n<p>Mej\u00eda Ortiz, de su lado, tambi\u00e9n obsequi\u00f3 al mandatario una gorra y el jersey que usar\u00e1 el equipo dominicano en la Serie del Caribe, evento en el que el pa\u00eds buscar\u00e1 su corona n\u00famero 20.<\/p>\n<p>Jos\u00e9 Rafael D\u00edaz, lanzador de la escuadra de San Pedro de Macor\u00eds, tom\u00f3 la palabra y expres\u00f3 que las Estrellas tienen el compromiso de terminar con la sequ\u00eda criolla en en este\u00a0cl\u00e1sico caribe\u00f1o.<\/p>\n<p>Mej\u00eda Ortiz agradeci\u00f3 a Medina S\u00e1nchez todo el apoyo concedido en ocasi\u00f3n de la celebraci\u00f3n de la\u00a0pasado justa\u00a0invernal. \u201cCreo que hemos honrado el compromiso que la fanaticada ha puesto sobre nosotros y un compromiso que hicimos con usted, se\u00f1or Presidente, d\u00e1ndole un buen torneo de b\u00e9isbol\u201d, afirm\u00f3 el titular de Lidom. \u201cQueremos que usted, cuando vengamos de la Serie del Caribe,\u00a0 tenga otra mesita paralela para que ponga la copa\u201d.<\/p>\n<p>D\u00edaz Vizca\u00edno se refiri\u00f3 al m\u00e9rito que tuvieron\u00a0las Estrellas de unir al pa\u00eds en procura de obtener el campeonato y reconoci\u00f3 que es la primera vez que un equipo de Serie del Caribe cuenta con el apoyo total de los dominicanos.<\/p>\n","protected":false},"excerpt":{"rendered":"<p>Danilo Medina S\u00e1nchez hizo entrega de la ense\u00f1a tricolor a los ejecutivos, jugadores y t\u00e9cnicos del equipo de San Pedro de Macor\u00eds durante un acto celebrado en el Sal\u00f3n de Embajadores de la casa de gobierno. <\/p>\n","protected":false},"author":16,"featured_media":47999,"comment_status":"closed","ping_status":"closed","sticky":false,"template":"","format":"standard","meta":[],"categories":[2,60],"tags":[],"acf":[],"_links":{"self":[{"href":"https:\/\/colimdo.org\/wp-api\/wp\/v2\/posts\/47998"}],"collection":[{"href":"https:\/\/colimdo.org\/wp-api\/wp\/v2\/posts"}],"about":[{"href":"https:\/\/colimdo.org\/wp-api\/wp\/v2\/types\/post"}],"author":[{"embeddable":true,"href":"https:\/\/colimdo.org\/wp-api\/wp\/v2\/users\/16"}],"replies":[{"embeddable":true,"href":"https:\/\/colimdo.org\/wp-api\/wp\/v2\/comments?post=47998"}],"version-history":[{"count":1,"href":"https:\/\/colimdo.org\/wp-api\/wp\/v2\/posts\/47998\/revisions"}],"predecessor-version":[{"id":48000,"href":"https:\/\/colimdo.org\/wp-api\/wp\/v2\/posts\/47998\/revisions\/48000"}],"wp:featuredmedia":[{"embeddable":true,"href":"https:\/\/colimdo.org\/wp-api\/wp\/v2\/media\/47999"}],"wp:attachment":[{"href":"https:\/\/colimdo.org\/wp-api\/wp\/v2\/media?parent=47998"}],"wp:term":[{"taxonomy":"category","embeddable":true,"href":"https:\/\/colimdo.org\/wp-api\/wp\/v2\/categories?post=47998"},{"taxonomy":"post_tag","embeddable":true,"href":"https:\/\/colimdo.org\/wp-api\/wp\/v2\/tags?post=47998"}],"curies":[{"name":"wp","href":"https:\/\/api.w.org\/{rel}","templated":true}]}}