{"id":48037,"date":"2019-02-02T19:12:16","date_gmt":"2019-02-02T19:12:16","guid":{"rendered":"https:\/\/colimdo.org\/?p=48037"},"modified":"2019-02-02T19:12:16","modified_gmt":"2019-02-02T19:12:16","slug":"belgica-logra-segundo-punto-complica-situacion-brasil-la-copa-davis","status":"publish","type":"post","link":"https:\/\/colimdo.org\/noticias\/belgica-logra-segundo-punto-complica-situacion-brasil-la-copa-davis\/","title":{"rendered":"B\u00e9lgica logra segundo punto y complica situaci\u00f3n de Brasil en la Copa Davis"},"content":{"rendered":"<p class=\"canvas-atom canvas-text Mb(1.0em) Mb(0)--sm Mt(0.8em)--sm\">Sao Paulo, 2 feb (EFE).- La pareja de tenistas belga Sander Gill\u00e9 y Joran Vliegen sum\u00f3 este s\u00e1bado un tanto al triunfar por 2-0 frente a los brasile\u00f1os Bruno Soares y Marcelo Melo y garantiz\u00f3 una ventaja temporal de B\u00e9lgica ante Brasil por 2-1 en la disputa de un cupo en la fase final de la Copa Davis.<\/p>\n<p class=\"canvas-atom canvas-text Mb(1.0em) Mb(0)--sm Mt(0.8em)--sm\">En un partido con parciales de 6-4 y 7-6(4), disputado en una cancha de tierra batida en Uberlandia, municipio del estado brasile\u00f1o de Minas Gerais, los anfitriones no lograron acompa\u00f1ar el ritmo de los belgas y complicaron la situaci\u00f3n para su selecci\u00f3n, que ahora est\u00e1 obligada a ganar los dos partidos que faltan.<\/p>\n<p class=\"canvas-atom canvas-text Mb(1.0em) Mb(0)--sm Mt(0.8em)--sm\">Brasil deposita en Thiago Monteiro y Rog\u00e9rio Dutra Silva sus esperanzas para mantener vivo el sue\u00f1o de conquistar un cupo en la etapa final de la Davis, que se celebrar\u00e1 en noviembre en Madrid.<\/p>\n<p class=\"canvas-atom canvas-text Mb(1.0em) Mb(0)--sm Mt(0.8em)--sm\">En el segundo partido de este s\u00e1bado, Monteiro, raqueta n\u00famero 1 de Brasil y 107 en la clasificaci\u00f3n de la ATP, se medir\u00e1 a Kimmer Coppejans (195). Ambos triunfaron en los encuentros del viernes.<\/p>\n<p class=\"canvas-atom canvas-text Mb(1.0em) Mb(0)--sm Mt(0.8em)--sm\">En caso de un triunfo de Monteiro, la serie quedar\u00e1 de nuevo igualada y la selecci\u00f3n que avance ser\u00e1 decidida en el \u00faltimo partido del d\u00eda entre Rog\u00e9rio Dutra Silva y Arthur de Greef.<\/p>\n","protected":false},"excerpt":{"rendered":"<p>En un partido con parciales de 6-4 y 7-6(4), disputado en una cancha de tierra batida en Uberlandia, municipio del estado brasile\u00f1o de Minas Gerais, los anfitriones no lograron acompa\u00f1ar el ritmo de los belgas y complicaron la situaci\u00f3n para su selecci\u00f3n, que ahora est\u00e1 obligada a ganar los dos partidos que faltan.<\/p>\n","protected":false},"author":16,"featured_media":48038,"comment_status":"closed","ping_status":"closed","sticky":false,"template":"","format":"standard","meta":[],"categories":[2,60],"tags":[],"acf":[],"_links":{"self":[{"href":"https:\/\/colimdo.org\/wp-api\/wp\/v2\/posts\/48037"}],"collection":[{"href":"https:\/\/colimdo.org\/wp-api\/wp\/v2\/posts"}],"about":[{"href":"https:\/\/colimdo.org\/wp-api\/wp\/v2\/types\/post"}],"author":[{"embeddable":true,"href":"https:\/\/colimdo.org\/wp-api\/wp\/v2\/users\/16"}],"replies":[{"embeddable":true,"href":"https:\/\/colimdo.org\/wp-api\/wp\/v2\/comments?post=48037"}],"version-history":[{"count":1,"href":"https:\/\/colimdo.org\/wp-api\/wp\/v2\/posts\/48037\/revisions"}],"predecessor-version":[{"id":48039,"href":"https:\/\/colimdo.org\/wp-api\/wp\/v2\/posts\/48037\/revisions\/48039"}],"wp:featuredmedia":[{"embeddable":true,"href":"https:\/\/colimdo.org\/wp-api\/wp\/v2\/media\/48038"}],"wp:attachment":[{"href":"https:\/\/colimdo.org\/wp-api\/wp\/v2\/media?parent=48037"}],"wp:term":[{"taxonomy":"category","embeddable":true,"href":"https:\/\/colimdo.org\/wp-api\/wp\/v2\/categories?post=48037"},{"taxonomy":"post_tag","embeddable":true,"href":"https:\/\/colimdo.org\/wp-api\/wp\/v2\/tags?post=48037"}],"curies":[{"name":"wp","href":"https:\/\/api.w.org\/{rel}","templated":true}]}}