{"id":48049,"date":"2019-02-02T20:49:42","date_gmt":"2019-02-02T20:49:42","guid":{"rendered":"https:\/\/colimdo.org\/?p=48049"},"modified":"2019-02-02T20:49:42","modified_gmt":"2019-02-02T20:49:42","slug":"cuba-tendra-seguir-esperando-sede-la-serie-del-caribe","status":"publish","type":"post","link":"https:\/\/colimdo.org\/noticias\/cuba-tendra-seguir-esperando-sede-la-serie-del-caribe\/","title":{"rendered":"Cuba tendr\u00e1 que seguir esperando para ser sede de la Serie del Caribe"},"content":{"rendered":"<p>PANAM\u00c1 (AP). &#8211; El deseo de Cuba de tener de vuelta la sede de la Serie del Caribe de b\u00e9isbol, tendr\u00e1 que esperar.<\/p>\n<p>El presidente de la Confederaci\u00f3n de B\u00e9isbol Profesional del Caribe,\u00a0Juan Francisco\u00a0Puello Herrera, dijo el s\u00e1bado en Panam\u00e1 que sue\u00f1a con esa posibilidad pero que antes deber\u00e1 resolverse asuntos relacionados al embargo estadounidense contra Cuba.<\/p>\n<p>Cuba organiz\u00f3 la primera serie en 1949 y los directivos del b\u00e9isbol en la isla han expresado inter\u00e9s en tenerla de vuelta.<\/p>\n<p>&#8220;En Cuba yo tengo muchos amores, pero amores que no son de f\u00e9minas&#8221;, dijo Puello, arrancando risas. &#8220;Yo amo a Cuba, no estamos hablando de pol\u00edtica, y de hecho uno de los sue\u00f1os que tengo&#8230; es celebrar una Serie del Caribe, donde naci\u00f3&#8221;.<\/p>\n<p>&#8220;El problema con Cuba es que no lo podemos aceptar en la confederaci\u00f3n hasta que no se resuelva ese problema pol\u00edtico&#8221;, a\u00f1adi\u00f3 el dirigente dominicano al aludir al embargo.<\/p>\n<p>Cualquier paso en esa direcci\u00f3n tiene que pasar por el Congreso estadounidense, debido a que el organismo que regenta el b\u00e9isbol profesional caribe\u00f1o tiene un acuerdo con las Grandes Ligas, que es la que provee los jugadores, abund\u00f3 el dirigente.<\/p>\n<p>Cuba particip\u00f3 y gan\u00f3 varios torneos en los inicios del campeonato caribe\u00f1o, pero todo cambi\u00f3 con la revoluci\u00f3n cubana de Fidel Castro en 1959, que aboli\u00f3 el profesionalismo del deporte.<\/p>\n<p>Cuba volvi\u00f3 a la serie en calidad de invitada en 2014 y al a\u00f1o siguiente se coron\u00f3 campeona con Pinar del R\u00edo. A la serie de Panam\u00e1, que se disputar\u00e1 entre el 4 y 10 de febrero, participar\u00e1 con los Le\u00f1eros de Las Tunas, el \u00faltimo monarca de la pelota cubana.<\/p>\n<p>A fines de diciembre y con ayuda de la confederaci\u00f3n caribe\u00f1a, los regentes del b\u00e9isbol cubano y las Grandes Ligas alcanzaron un acuerdo hist\u00f3rico que permitir\u00e1 que los peloteros de la isla firmen contratos con equipos de Estados Unidos sin tener que desertar, en un esfuerzo por frenar un tr\u00e1fico humano que se daba.<\/p>\n<p>&#8220;Es un paso en que hemos ayudado mucho, incluso, cuando me lo plante\u00f3 la Federaci\u00f3n Cubana de B\u00e9isbol, yo lo apoy\u00e9 ciento por ciento&#8221;, dijo Puello Herrera en rueda de prensa. &#8220;Hace tiempo estamos luchando por esto porque queremos que jugadores cubanos participen en nuestros torneos&#8221;.<\/p>\n","protected":false},"excerpt":{"rendered":"<p>El presidente de la Confederaci\u00f3n de B\u00e9isbol Profesional del Caribe,\u00a0Juan Francisco\u00a0Puello Herrera, dijo el s\u00e1bado en Panam\u00e1 que sue\u00f1a con esa posibilidad pero que antes deber\u00e1 resolverse asuntos relacionados al embargo estadounidense contra Cuba.<\/p>\n","protected":false},"author":16,"featured_media":48050,"comment_status":"closed","ping_status":"closed","sticky":false,"template":"","format":"standard","meta":[],"categories":[2,60],"tags":[],"acf":[],"_links":{"self":[{"href":"https:\/\/colimdo.org\/wp-api\/wp\/v2\/posts\/48049"}],"collection":[{"href":"https:\/\/colimdo.org\/wp-api\/wp\/v2\/posts"}],"about":[{"href":"https:\/\/colimdo.org\/wp-api\/wp\/v2\/types\/post"}],"author":[{"embeddable":true,"href":"https:\/\/colimdo.org\/wp-api\/wp\/v2\/users\/16"}],"replies":[{"embeddable":true,"href":"https:\/\/colimdo.org\/wp-api\/wp\/v2\/comments?post=48049"}],"version-history":[{"count":1,"href":"https:\/\/colimdo.org\/wp-api\/wp\/v2\/posts\/48049\/revisions"}],"predecessor-version":[{"id":48051,"href":"https:\/\/colimdo.org\/wp-api\/wp\/v2\/posts\/48049\/revisions\/48051"}],"wp:featuredmedia":[{"embeddable":true,"href":"https:\/\/colimdo.org\/wp-api\/wp\/v2\/media\/48050"}],"wp:attachment":[{"href":"https:\/\/colimdo.org\/wp-api\/wp\/v2\/media?parent=48049"}],"wp:term":[{"taxonomy":"category","embeddable":true,"href":"https:\/\/colimdo.org\/wp-api\/wp\/v2\/categories?post=48049"},{"taxonomy":"post_tag","embeddable":true,"href":"https:\/\/colimdo.org\/wp-api\/wp\/v2\/tags?post=48049"}],"curies":[{"name":"wp","href":"https:\/\/api.w.org\/{rel}","templated":true}]}}