{"id":48064,"date":"2019-02-03T00:44:21","date_gmt":"2019-02-03T00:44:21","guid":{"rendered":"https:\/\/colimdo.org\/?p=48064"},"modified":"2019-02-03T00:44:21","modified_gmt":"2019-02-03T00:44:21","slug":"santiago-escoge-unanimidad-nueva-asociacion-natacion","status":"publish","type":"post","link":"https:\/\/colimdo.org\/noticias\/santiago-escoge-unanimidad-nueva-asociacion-natacion\/","title":{"rendered":"Santiago escoge a unanimidad nueva Asociaci\u00f3n de Nataci\u00f3n"},"content":{"rendered":"<p>SANTIAGO. La nueva directiva de la Asociaci\u00f3n de Nataci\u00f3n de la Provincia de Santiago, la cual estar\u00e1 encabezada por Marcos Llenas, en la posici\u00f3n de presidente, fue elegida de manera un\u00e1nime por los miembros de la entidad en la provincia.<br \/>\nTras la celebraci\u00f3n de las elecciones de la Asociaci\u00f3n, el presidente de la Federaci\u00f3n Dominicana de Nataci\u00f3n, el doctor Radham\u00e9s Tavarez, tom\u00f3 juramento a los nuevos directivos.<br \/>\nAcompa\u00f1an al nuevo presidente, Mario Llenas, Jose Alexis Ramos, vice administrativo, Juan Carlos Honoret, vice t\u00e9cnico, Maria Isabel Pe\u00f1a, secretario de organizaci\u00f3n, Ana Rosa Su\u00e1rez, secretaria administrativa, Julianna Gonz\u00e1lez. tesorera, Martha Paz, vocal, Fernando Espaillat, vocal, Guarina German, vocal.<br \/>\n\u201cTienen ustedes una gran responsabilidad de continuar con el fomento de la Nataci\u00f3n en esta provincia, en todas su manifestaciones, cuenten con el respaldo de la FEDONA\u201d, dijo Tavarez sobre la responsabilidad que cae sobre los hombros de esta nueva directiva.<\/p>\n","protected":false},"excerpt":{"rendered":"<p>La nueva directiva de la Asociaci\u00f3n de Nataci\u00f3n de la Provincia de Santiago, la cual estar\u00e1 encabezada por Marcos Llenas.<\/p>\n","protected":false},"author":16,"featured_media":48065,"comment_status":"closed","ping_status":"closed","sticky":false,"template":"","format":"standard","meta":[],"categories":[3,2,60],"tags":[],"acf":[],"_links":{"self":[{"href":"https:\/\/colimdo.org\/wp-api\/wp\/v2\/posts\/48064"}],"collection":[{"href":"https:\/\/colimdo.org\/wp-api\/wp\/v2\/posts"}],"about":[{"href":"https:\/\/colimdo.org\/wp-api\/wp\/v2\/types\/post"}],"author":[{"embeddable":true,"href":"https:\/\/colimdo.org\/wp-api\/wp\/v2\/users\/16"}],"replies":[{"embeddable":true,"href":"https:\/\/colimdo.org\/wp-api\/wp\/v2\/comments?post=48064"}],"version-history":[{"count":1,"href":"https:\/\/colimdo.org\/wp-api\/wp\/v2\/posts\/48064\/revisions"}],"predecessor-version":[{"id":48066,"href":"https:\/\/colimdo.org\/wp-api\/wp\/v2\/posts\/48064\/revisions\/48066"}],"wp:featuredmedia":[{"embeddable":true,"href":"https:\/\/colimdo.org\/wp-api\/wp\/v2\/media\/48065"}],"wp:attachment":[{"href":"https:\/\/colimdo.org\/wp-api\/wp\/v2\/media?parent=48064"}],"wp:term":[{"taxonomy":"category","embeddable":true,"href":"https:\/\/colimdo.org\/wp-api\/wp\/v2\/categories?post=48064"},{"taxonomy":"post_tag","embeddable":true,"href":"https:\/\/colimdo.org\/wp-api\/wp\/v2\/tags?post=48064"}],"curies":[{"name":"wp","href":"https:\/\/api.w.org\/{rel}","templated":true}]}}