{"id":48076,"date":"2019-02-03T14:02:51","date_gmt":"2019-02-03T14:02:51","guid":{"rendered":"https:\/\/colimdo.org\/?p=48076"},"modified":"2019-02-03T14:02:51","modified_gmt":"2019-02-03T14:02:51","slug":"puello-apuesta-campo-fertil-se-muestre-panama-serie-del-caribe","status":"publish","type":"post","link":"https:\/\/colimdo.org\/noticias\/puello-apuesta-campo-fertil-se-muestre-panama-serie-del-caribe\/","title":{"rendered":"Puello apuesta en campo f\u00e9rtil para que se muestre Panam\u00e1 en Serie del Caribe"},"content":{"rendered":"<p>PANAM\u00c1 &#8212; Un torneo de b\u00e9isbol del mas alto nivel acoger\u00e1 Panam\u00e1 a partir del lunes 4 con la 61 Serie del Caribe, que &#8221;por obra de Dios&#8221; le toc\u00f3 armar en cinco d\u00edas, con una inversi\u00f3n de unos $3.6 millones de d\u00f3lares por parte de los organizadores y cuyo \u00e9xito ser\u00e1 clave para su retorno como socio pleno.<\/p>\n<p>La Liga Profesional de B\u00e9isbol de Panam\u00e1 se anot\u00f3 este m\u00e9rito, luego de 59 a\u00f1os, con apoyo de Copa Airlines y Aseguradora Anc\u00f3n, ante la ca\u00edda de la sede de Venezuela y luego de descartarse a M\u00e9xico y Rep\u00fablica Dominicana, seg\u00fan explic\u00f3 el presidente de la Confederaci\u00f3n de B\u00e9isbol Profesional del Caribe (CBPC), Juan Francisco Puello.<\/p>\n<p>El veterano dirigente declar\u00f3 a EFE que no piensa ahora en la recuperaci\u00f3n de la inversi\u00f3n efectuada, unos 600.000 d\u00f3lares por cada equipo.<\/p>\n<p>&#8221;No quiero hablar de recuperar inversi\u00f3n, vamos a hablar de cual va a ser el efecto que va a tener Panam\u00e1 en esto; cuando uno se mete en los negocios no piensa mucho en eso, sobretodo en el deporte, lo que estamos apostando es de que estamos creando un campo f\u00e9rtil para que en este caso Panam\u00e1 pueda mostrarse&#8221;, recalc\u00f3 Puello.<\/p>\n<p>Comisionado del b\u00e9isbol desde 1991, reelegido seis veces, Puello, al ser consultado sobre la posibilidad de que Panam\u00e1 retorne a la Serie del Caribe, de la que es fundador, como socio permanente, reconoci\u00f3 que esa decisi\u00f3n &#8221;tiene que venir ya&#8221;.<\/p>\n<p>&#8221;Eso va a depender mucho de la serie de reuniones que tengamos este a\u00f1o, y de la serie en Puerto Rico (2020), pero nosotros no podemos tardar mucho esto de que no haya otra liga miembro, eso tiene que venir ya&#8221;, fue categ\u00f3rico.<\/p>\n<p>No obstante el abogado dominicano que peina siete d\u00e9cadas de vida, al ser cuestionado sobre el caso de Nicaragua, matiz\u00f3: &#8221;Lo que pasa es que el problema de aceptar otro equipo es que tenemos poco tiempo para la Serie del Caribe, ese es el problema, incluir m\u00e1s equipos significa tener dos sedes&#8221;.<\/p>\n<p>&#8221;Vamos paso a paso, el d\u00eda que podamos vender mejor la televisi\u00f3n podemos tener dos sedes y tener m\u00e1s equipos, ese es el problema&#8221;, detall\u00f3.<\/p>\n<p>Al ser requerida su apreciaci\u00f3n sobre el estadio nacional de b\u00e9isbol de Panam\u00e1, el Rod Carew, el dirigente expres\u00f3 &#8221;me reservo mi impresi\u00f3n&#8221;, pero, agreg\u00f3, &#8221;hay que mejorar un poco el estadio&#8221;.<\/p>\n<p>Sobre otros escenarios para el deporte del bate y la bola r\u00e1pida que puede ofrecer Panam\u00e1 se refiri\u00f3 al coliseo Juan Dem\u00f3stenes Arosemena, en el centro de la capital paname\u00f1a.<\/p>\n<p>Apunt\u00f3 que &#8221;el Juan Dem\u00f3stenes Arosemena lo est\u00e1n acondicionando, a ese estadio vine en 1984, porque all\u00ed se celebraron en 1938 los Juegos Centroamericanos y del Caribe, era un estadio de campo y pista y traje a Leones del Escogido y Aguilas Cibae\u00f1as, vinieron Tony Pe\u00f1a y otros jugadores establecidos en las Grandes Ligas y celebramos dos juegos&#8221;.<\/p>\n<p>&#8221;De acuerdo a la maqueta que he visto, si ese estadio lo terminan, puede ser un buen escenario para una Serie del Caribe&#8221;, augur\u00f3.<\/p>\n<p>De esta serie en Panam\u00e1, &#8221;lo primero (que espera) es que se convierta en la puerta que nos abra a todos oportunidades, desde el punto de vista de negocio, tanto para Panam\u00e1 como para la Confederaci\u00f3n independientemente de la parte deportiva&#8221;, reconoci\u00f3.<\/p>\n<p>El estadio de b\u00e9isbol paname\u00f1o tiene capacidad para 25.000 fan\u00e1ticos, y Puello refiri\u00f3 que un aforo &#8221;notable&#8221; fue el torneo que se celebr\u00f3 en 2017 en Culiac\u00e1n (M\u00e9xico), &#8221;donde hubo un lleno completo de 20.000 fan\u00e1ticos durante toda la serie&#8221;.<\/p>\n<p>&#8221;Vamos a tener una serie con unos equipos de primera, esa parte comercial es la que espero, y que impacto va a tener desde el punto de vista de la transmisi\u00f3n hacia los otros pa\u00edses para medir la audiencia&#8221;, abund\u00f3.<\/p>\n<div class=\"contentItem__content contentItem__content--media-card contentItem__content--fullWidth contentItem__content--inline\" data-behavior=\"video_scroll\">\n<figure class=\"media-wrapper_image video\" data-video=\"native,640,360,5228956,whitelist-VE|EC|UY|BO|US|PE|BZ|BB|PY|AR|DO|GD|NI|MX|CU|HN|GT|BS|PR|CO|JM|PA|CR|AW|CL|SV|\" data-cerebro-id=\"5c5267e1ca84b758abae5717\" data-source=\"deportes\"><picture class=\"media-wrapper_image\"><source srcset=\"https:\/\/a1.espncdn.com\/combiner\/i?img=%2Fmedia%2Fmotion%2F2019%2F0130%2FHu_190130_Deportes_SdC_Grupos_definidos_0130%2FHu_190130_Deportes_SdC_Grupos_definidos_0130.jpg&amp;w=640&amp;h=360&amp;cquality=80&amp;format=jpg\" media=\"(min-width: 376px)\" data-srcset=\"https:\/\/a1.espncdn.com\/combiner\/i?img=%2Fmedia%2Fmotion%2F2019%2F0130%2FHu_190130_Deportes_SdC_Grupos_definidos_0130%2FHu_190130_Deportes_SdC_Grupos_definidos_0130.jpg&amp;w=640&amp;h=360&amp;cquality=80&amp;format=jpg\" \/><source srcset=\"https:\/\/a1.espncdn.com\/combiner\/i?img=%2Fmedia%2Fmotion%2F2019%2F0130%2FHu_190130_Deportes_SdC_Grupos_definidos_0130%2FHu_190130_Deportes_SdC_Grupos_definidos_0130.jpg&amp;w=335&amp;cquality=80, https:\/\/a1.espncdn.com\/combiner\/i?img=%2Fmedia%2Fmotion%2F2019%2F0130%2FHu_190130_Deportes_SdC_Grupos_definidos_0130%2FHu_190130_Deportes_SdC_Grupos_definidos_0130.jpg&amp;w=670&amp;cquality=40&amp;format=jpg 2x\" media=\"(max-width: 375px)\" data-srcset=\"https:\/\/a1.espncdn.com\/combiner\/i?img=%2Fmedia%2Fmotion%2F2019%2F0130%2FHu_190130_Deportes_SdC_Grupos_definidos_0130%2FHu_190130_Deportes_SdC_Grupos_definidos_0130.jpg&amp;w=335&amp;cquality=80, https:\/\/a1.espncdn.com\/combiner\/i?img=%2Fmedia%2Fmotion%2F2019%2F0130%2FHu_190130_Deportes_SdC_Grupos_definidos_0130%2FHu_190130_Deportes_SdC_Grupos_definidos_0130.jpg&amp;w=670&amp;cquality=40&amp;format=jpg 2x\" \/><\/picture><\/figure>\n<p>Respecto a lo deportivo &#8221;espero una serie bien re\u00f1ida, incluso con el mismo equipo de Panam\u00e1, es un equipo bien bueno, est\u00e1 bien reforzado con Nicaragua y Colombia, y el caso de Cuba, viene con tres estelares, (Alfredo) Despaigne y otros&#8221;, adelant\u00f3.<\/p>\n<p>Al presentar este s\u00e1bado el torneo en Panam\u00e1, Puello recalc\u00f3 que no solo fue la decisi\u00f3n de los paname\u00f1os, sino una intervenci\u00f3n divina, lo que permiti\u00f3 armar en cinco d\u00edas esta justa de alto nivel.<\/p>\n<p>En el grupo A del torneo jugar\u00e1n los Le\u00f1adores de las Tunas de Cuba, Cardenales de Lara de Venezuela y Charros de Jalisco de M\u00e9xico, mientras que en el grupo B se medir\u00e1n los Toros de Panam\u00e1, Cangrejeros de Santurse, Puerto Rico y Estrellas Orientales de Rep\u00fablica Dominicana.<\/p>\n<\/div>\n","protected":false},"excerpt":{"rendered":"<p>La Liga Profesional de B\u00e9isbol de Panam\u00e1 se anot\u00f3 este m\u00e9rito, luego de 59 a\u00f1os, con apoyo de Copa Airlines y Aseguradora Anc\u00f3n, ante la ca\u00edda de la sede de Venezuela y luego de descartarse a M\u00e9xico y Rep\u00fablica Dominicana, seg\u00fan explic\u00f3 el presidente de la Confederaci\u00f3n de B\u00e9isbol Profesional del Caribe (CBPC), Juan Francisco Puello.<\/p>\n","protected":false},"author":16,"featured_media":48077,"comment_status":"closed","ping_status":"closed","sticky":false,"template":"","format":"standard","meta":[],"categories":[2,60],"tags":[],"acf":[],"_links":{"self":[{"href":"https:\/\/colimdo.org\/wp-api\/wp\/v2\/posts\/48076"}],"collection":[{"href":"https:\/\/colimdo.org\/wp-api\/wp\/v2\/posts"}],"about":[{"href":"https:\/\/colimdo.org\/wp-api\/wp\/v2\/types\/post"}],"author":[{"embeddable":true,"href":"https:\/\/colimdo.org\/wp-api\/wp\/v2\/users\/16"}],"replies":[{"embeddable":true,"href":"https:\/\/colimdo.org\/wp-api\/wp\/v2\/comments?post=48076"}],"version-history":[{"count":1,"href":"https:\/\/colimdo.org\/wp-api\/wp\/v2\/posts\/48076\/revisions"}],"predecessor-version":[{"id":48078,"href":"https:\/\/colimdo.org\/wp-api\/wp\/v2\/posts\/48076\/revisions\/48078"}],"wp:featuredmedia":[{"embeddable":true,"href":"https:\/\/colimdo.org\/wp-api\/wp\/v2\/media\/48077"}],"wp:attachment":[{"href":"https:\/\/colimdo.org\/wp-api\/wp\/v2\/media?parent=48076"}],"wp:term":[{"taxonomy":"category","embeddable":true,"href":"https:\/\/colimdo.org\/wp-api\/wp\/v2\/categories?post=48076"},{"taxonomy":"post_tag","embeddable":true,"href":"https:\/\/colimdo.org\/wp-api\/wp\/v2\/tags?post=48076"}],"curies":[{"name":"wp","href":"https:\/\/api.w.org\/{rel}","templated":true}]}}