{"id":48079,"date":"2019-02-03T14:09:46","date_gmt":"2019-02-03T14:09:46","guid":{"rendered":"https:\/\/colimdo.org\/?p=48079"},"modified":"2019-02-03T14:14:31","modified_gmt":"2019-02-03T14:14:31","slug":"mahomes-se-consagra-mejor-al-recibir-los-premios-mvp-ofensivo-del-ano-la-nfl","status":"publish","type":"post","link":"https:\/\/colimdo.org\/noticias\/mahomes-se-consagra-mejor-al-recibir-los-premios-mvp-ofensivo-del-ano-la-nfl\/","title":{"rendered":"Mahomes se consagra el mejor al recibir los premios de MVP y Ofensivo del A\u00f1o en la NFL"},"content":{"rendered":"<p class=\"canvas-atom canvas-text Mb(1.0em) Mb(0)--sm Mt(0.8em)--sm\">Atlanta (EE.UU.), 2 feb (EFE).- El joven mariscal de campo de los Chiefs de Kansas City, Patrick Mahomes, no pudo estar con su equipo en la 53 edici\u00f3n del Super Bowl, pero fue la gran estrella y triunfador en la noche de la entrega de premios a los mejores de la temporada dentro de la Liga Nacional de F\u00fatbol Americano (NFL).<\/p>\n<p class=\"canvas-atom canvas-text Mb(1.0em) Mb(0)--sm Mt(0.8em)--sm\">Mahomes, horas antes que de comienzo el gran partido del a\u00f1o dentro del deporte profesional de Estados Unidos, fue elegido ganador de los premios al Jugador M\u00e1s Valioso (MVP) y Ofensivo del A\u00f1o de la NFL.<\/p>\n<p class=\"canvas-atom canvas-text Mb(1.0em) Mb(0)--sm Mt(0.8em)--sm\">&#8220;Es un honor muy especial el haber recibido ambos premios, pero creo que solo fue gracias al gran equipo que formamos con unos compa\u00f1eros maravillosos y excepcionales&#8221;, declar\u00f3 Mahomes, quien llev\u00f3 a los Chiefs a jugar el partido por el Campeonato de la Conferencia Americana (AFC) que al final perdieron en la pr\u00f3rroga por 31-37 ante los Patriots de Nueva Inglaterra.<\/p>\n<p class=\"canvas-atom canvas-text Mb(1.0em) Mb(0)--sm Mt(0.8em)--sm\">Se impusieron sin contratiempos a los Colts de Indian\u00e1polis en la Ronda Divisional y despu\u00e9s sucumbieron ante el legendario Tom Brady, quien disputar\u00e1 el Super Bowl LIII, el noveno de su carrera profesional, cuando los Patriots se enfrenten a los Rams de Los Angeles.<\/p>\n<p class=\"canvas-atom canvas-text Mb(1.0em) Mb(0)--sm Mt(0.8em)--sm\">Mahomes, de 23 a\u00f1os, formado en la Universidad de Texas Tech, cerr\u00f3 la temporada regular en segundo lugar en yardas (5.097) y como l\u00edder en pases de anotaci\u00f3n (50) e \u00edndice de pasador (82.0).<\/p>\n<p class=\"canvas-atom canvas-text Mb(1.0em) Mb(0)--sm Mt(0.8em)--sm\">Adem\u00e1s, el joven mariscal de campo tejano fue capaz de limitar las entregas ya que s\u00f3lo tuvo 12 interceptaciones en 580 intentos de pase.<\/p>\n<p class=\"canvas-atom canvas-text Mb(1.0em) Mb(0)--sm Mt(0.8em)--sm\">Con este premio, ya son seis a\u00f1os consecutivos que el galard\u00f3n se lo lleva un mariscal de campo (Peyton Manning, Aaron Rodgers, Cam Newton, Matt Ryan y Brady), por lo que Adrian Peterson (2012) es el \u00faltimo corredor o un jugador de posici\u00f3n diferente que lo consigui\u00f3.<\/p>\n<p class=\"canvas-atom canvas-text Mb(1.0em) Mb(0)--sm Mt(0.8em)--sm\">Tambi\u00e9n es el primer jugador en la historia de los Chiefs que obtiene este reconocimiento.<\/p>\n<p class=\"canvas-atom canvas-text Mb(1.0em) Mb(0)--sm Mt(0.8em)--sm\">El corredor de los Giants de Nueva York, Saquon Barkley, fue reconocido como el Novato Ofensivo del A\u00f1o, por encima del mariscal de campo de los Browns de Cleveland, Baker Mayfield.<\/p>\n<p class=\"canvas-atom canvas-text Mb(1.0em) Mb(0)--sm Mt(0.8em)--sm\">La producci\u00f3n de Barkley fue tanto por tierra como por aire y pese a que su equipo qued\u00f3 en \u00faltimo lugar del Divisi\u00f3n Este de la Conferencia Nacional (5-11), \u00e9l brill\u00f3 con luz propia.<\/p>\n<p class=\"canvas-atom canvas-text Mb(1.0em) Mb(0)--sm Mt(0.8em)--sm\">Barkley tuvo su primer juego de 100 yardas desde la Semana 1 ante los Jaguars de Jacksonville y en total tuvo siete en que super\u00f3 las 100 yardas para acabar con 1.307 y 11 anotaciones.<\/p>\n<p class=\"canvas-atom canvas-text Mb(1.0em) Mb(0)--sm Mt(0.8em)--sm\">Tambi\u00e9n fue pieza indispensable al salir como receptor desde el backfield con 91 pases atrapados para 721 yardas y cuatro touchdowns.<\/p>\n<p class=\"canvas-atom canvas-text Mb(1.0em) Mb(0)--sm Mt(0.8em)--sm\">Darius Leonard, de los Colts, es el Novato Defensivo del A\u00f1o El jugador de 23 a\u00f1os logr\u00f3 siete capturas y cuatro balones sueltos forzados en su primer a\u00f1o en la NFL.<\/p>\n<p class=\"canvas-atom canvas-text Mb(1.0em) Mb(0)--sm Mt(0.8em)--sm\">Mientras que Aaron Donald se hizo merecedor al premio de Defensivo del A\u00f1o. El tackle defensivo de los Rams es el segundo en la historia que recibe el nombramiento en temporadas consecutivas.<\/p>\n<p class=\"canvas-atom canvas-text Mb(1.0em) Mb(0)--sm Mt(0.8em)--sm\">El pasador Andrew Luck recibe galard\u00f3n como Regreso del A\u00f1o El mariscal de campo de los Colts llev\u00f3 a su equipo a la postemporada gracias a uno de sus mejores rendimientos desde que est\u00e1 en la NFL.<\/p>\n<p class=\"canvas-atom canvas-text Mb(1.0em) Mb(0)--sm Mt(0.8em)--sm\">Por su parte, Matt Nagy de los Chicago Bears fue elegido Entrenador del A\u00f1o<\/p>\n<p class=\"canvas-atom canvas-text Mb(1.0em) Mb(0)--sm Mt(0.8em)--sm\">La NFL suele ser una liga que a\u00f1o con a\u00f1o presume equipos que pasaron del \u00faltimo lugar de su divisi\u00f3n a la cima del mismo y, por ende, los playoffs. Uno de esos casos fue el de los Bears.<\/p>\n<p class=\"canvas-atom canvas-text Mb(1.0em) Mb(0)--sm Mt(0.8em)--sm\">Nagy, en su primera temporada con los Bears, cambi\u00f3 el rostro de un equipo que tuvo marca de 5-11 y ahora llegaron a la Ronda de Comodines como monarcas de la Divisi\u00f3n Norte de la NFC.<\/p>\n<p class=\"canvas-atom canvas-text Mb(1.0em) Mb(0)--sm Mt(0.8em)--sm\">Tras la labor de John Fox, tres a\u00f1os con marca perdedora, la gerencia dio un giro complet\u00f3 tras elegir a Nagy, quien mont\u00f3 la mejor defensiva de la liga de la mano del coordinador Vic Fangio y una s\u00f3lida ofensiva con el joven mariscal de campo Mitchell Trubisky.<\/p>\n<p class=\"canvas-atom canvas-text Mb(1.0em) Mb(0)--sm Mt(0.8em)--sm\">Su trabajo tuvo la recompensa de acabar la temporada regular con marca de 12-4 y recibieron a los Philadelphia Eagles en la ronda de comodines que perdieron al fallar un gol de campo el pateador Cody Parkey.<\/p>\n<div><\/div>\n<div class=\"Ov(h) Trs($transition-readmore) Mah(999999px)\">\n<p class=\"canvas-atom canvas-text Mb(1.0em) Mb(0)--sm Mt(0.8em)--sm\">La labor de Fangio tambi\u00e9n fue reconocida al ganar el premio de Entrenador Asistente del A\u00f1o.<\/p>\n<p class=\"canvas-atom canvas-text Mb(1.0em) Mb(0)--sm Mt(0.8em)--sm\">Otros de los entrenadores en jefe que estuvieron entre los favoritos al premio fueron Frank Reich, Sean McVay, Andy Reid y Sean Payton.<\/p>\n<p class=\"canvas-atom canvas-text Mb(1.0em) Mb(0)--sm Mt(0.8em)--sm\">En otros premios, el mariscal de campo Drew Brees, de los Saints de Nueva Orleans, gan\u00f3 el Art Rooney al Esp\u00edritu Deportivo y Chris Long se llev\u00f3 el Walter Payton al Hombre del A\u00f1o.<\/p>\n<\/div>\n","protected":false},"excerpt":{"rendered":"<p>Mahomes, de 23 a\u00f1os, formado en la Universidad de Texas Tech, cerr\u00f3 la temporada regular en segundo lugar en yardas (5.097) y como l\u00edder en pases de anotaci\u00f3n (50) e \u00edndice de pasador (82.0).<\/p>\n","protected":false},"author":16,"featured_media":48081,"comment_status":"closed","ping_status":"closed","sticky":false,"template":"","format":"standard","meta":[],"categories":[2,60],"tags":[],"acf":[],"_links":{"self":[{"href":"https:\/\/colimdo.org\/wp-api\/wp\/v2\/posts\/48079"}],"collection":[{"href":"https:\/\/colimdo.org\/wp-api\/wp\/v2\/posts"}],"about":[{"href":"https:\/\/colimdo.org\/wp-api\/wp\/v2\/types\/post"}],"author":[{"embeddable":true,"href":"https:\/\/colimdo.org\/wp-api\/wp\/v2\/users\/16"}],"replies":[{"embeddable":true,"href":"https:\/\/colimdo.org\/wp-api\/wp\/v2\/comments?post=48079"}],"version-history":[{"count":2,"href":"https:\/\/colimdo.org\/wp-api\/wp\/v2\/posts\/48079\/revisions"}],"predecessor-version":[{"id":48082,"href":"https:\/\/colimdo.org\/wp-api\/wp\/v2\/posts\/48079\/revisions\/48082"}],"wp:featuredmedia":[{"embeddable":true,"href":"https:\/\/colimdo.org\/wp-api\/wp\/v2\/media\/48081"}],"wp:attachment":[{"href":"https:\/\/colimdo.org\/wp-api\/wp\/v2\/media?parent=48079"}],"wp:term":[{"taxonomy":"category","embeddable":true,"href":"https:\/\/colimdo.org\/wp-api\/wp\/v2\/categories?post=48079"},{"taxonomy":"post_tag","embeddable":true,"href":"https:\/\/colimdo.org\/wp-api\/wp\/v2\/tags?post=48079"}],"curies":[{"name":"wp","href":"https:\/\/api.w.org\/{rel}","templated":true}]}}