{"id":48091,"date":"2019-02-03T15:42:23","date_gmt":"2019-02-03T15:42:23","guid":{"rendered":"https:\/\/colimdo.org\/?p=48091"},"modified":"2019-02-03T15:35:54","modified_gmt":"2019-02-03T15:35:54","slug":"fedojudo-fij-capacitan-instructores-curso-nivel-ii","status":"publish","type":"post","link":"https:\/\/colimdo.org\/noticias\/fedojudo-fij-capacitan-instructores-curso-nivel-ii\/","title":{"rendered":"Fedojudo y FIJ capacitan instructores en curso Nivel II"},"content":{"rendered":"<p><b><span lang=\"ES-DO\">SANTO DOMINGO.<\/span><\/b><span lang=\"ES-DO\">\u00a0<\/span><span lang=\"ES-DO\">El director de la Academia de la Federaci\u00f3n Internacional de Judo (IJF Academy), Envic Galea, exhort\u00f3 a los entrenadores a aplicar los conocimientos en las categor\u00edas menores con la finalidad de que este deporte siga creciendo con una buena base.<\/span><\/p>\n<p><span lang=\"ES-DO\">Galea, nativo de Malta, se expres\u00f3 en esos t\u00e9rminos durante la entrega de pergaminos de participaci\u00f3n en el Curso Internacional Para Instructores de Judo, Nivel II, celebrado durante una semana en el Albergue Ol\u00edmpico.<\/span><\/p>\n<p><span lang=\"ES-DO\">\u201cEl objetivo es que cada entrenador pueda ense\u00f1ar mejor a los ni\u00f1os en sus respectivos clubes y con los conocimientos adquiridos tendr\u00e1n mejores resultados en sus pa\u00edses\u201d, se\u00f1al\u00f3 Galea. \u201cSer un entrenador de judo es sumamente importante porque tiene todo en este deporte\u201d, agreg\u00f3.<\/span><\/p>\n<p><span lang=\"ES-DO\">El curso para Instructores de Judo Nivel II tuvo la participaci\u00f3n 25 participantes de un total de siete pa\u00edses y cont\u00f3 con el respaldo del programa Solidaridad Ol\u00edmpica del Comit\u00e9 Ol\u00ecmpico Dominicano (COD), y de la Federaci\u00f3n Internacional de Judo (FIJ), que dirige Marius Vizer.<\/span><\/p>\n<p><span lang=\"ES-DO\">El sensei Norio Matzunaga recibi\u00f3 la distinci\u00f3n como el entrenador m\u00e0s destacado del curso, el cual se llev\u00f3 a cabo durante una semana.<\/span><\/p>\n<p><span lang=\"ES-DO\">Previo al curso Nivel II, tambi\u00e9n se celebr\u00f3 el Nivel I con 42 instructores provenientes de ocho pa\u00edses.<\/span><\/p>\n<p><span lang=\"ES-DO\">Ambos niveles fueron evaluativos, ya que, de manera virtual, los instructores comenzaron a recibir las clases desde el a\u00f1o pasado, con un equipo de facilitadores o expertos de la Academia de la (FIJ).<\/span><\/p>\n<p><span lang=\"ES-DO\">\u201cCompartimos muchos conocimientos, pero ahora tienen que trabajar y comenzar a ense\u00f1ar y aplicar las nuevas combinaciones y t\u00e9cnicas durante los entrenamientos con los atletas\u201d, exhort\u00f3 el holand\u00e9s Mark Huizinga, triple medallista ol\u00edmpico.<\/span><\/p>\n<p><span lang=\"ES-DO\">El licenciado Gilberto Garc\u00eda, presidente de la Federaci\u00f3n Dominicana de Judo (Fedojudo) consider\u00f3 que la FIJ \u201cest\u00e1 haciendo un gran esfuerzo que girar\u00e1 a beneficio de un mejor judo mundial. Hay que aportar para que se vea que este trabajo ha valido la pena\u201d.<\/span><\/p>\n<p><span lang=\"ES-DO\">En el acto de clausura tambi\u00e9n fueron distinguidos el fisioterapeuta Leo Capell\u00e1n y el m\u00e9dico Elsi Florentino.<\/span><\/p>\n<p><span lang=\"ES-DO\">Entre los expertos enviados por la Academia de la FIJ estuvieron Tibor Kozsla, de Hungr\u00eda, director de educaci\u00f3n de la Academia de la FIJ; Envic Galea, de Malta, director de la IJF Academy; Daniel Lascau, de Ruman\u00eda, director deportivo de la IFJ; Mikihro Mukai, experto en kodokan kata, el triple medallista ol\u00edmpico Mark Huizinga, y Frank Moussima, experto de la IJF Academy.<\/span><\/p>\n","protected":false},"excerpt":{"rendered":"<p>Federaci\u00f3n Internacional de Judo impulsa el judo desde la base con la formaci\u00f3n de instructores.<\/p>\n","protected":false},"author":16,"featured_media":48092,"comment_status":"closed","ping_status":"closed","sticky":false,"template":"","format":"standard","meta":[],"categories":[3,2,60],"tags":[],"acf":[],"_links":{"self":[{"href":"https:\/\/colimdo.org\/wp-api\/wp\/v2\/posts\/48091"}],"collection":[{"href":"https:\/\/colimdo.org\/wp-api\/wp\/v2\/posts"}],"about":[{"href":"https:\/\/colimdo.org\/wp-api\/wp\/v2\/types\/post"}],"author":[{"embeddable":true,"href":"https:\/\/colimdo.org\/wp-api\/wp\/v2\/users\/16"}],"replies":[{"embeddable":true,"href":"https:\/\/colimdo.org\/wp-api\/wp\/v2\/comments?post=48091"}],"version-history":[{"count":1,"href":"https:\/\/colimdo.org\/wp-api\/wp\/v2\/posts\/48091\/revisions"}],"predecessor-version":[{"id":48093,"href":"https:\/\/colimdo.org\/wp-api\/wp\/v2\/posts\/48091\/revisions\/48093"}],"wp:featuredmedia":[{"embeddable":true,"href":"https:\/\/colimdo.org\/wp-api\/wp\/v2\/media\/48092"}],"wp:attachment":[{"href":"https:\/\/colimdo.org\/wp-api\/wp\/v2\/media?parent=48091"}],"wp:term":[{"taxonomy":"category","embeddable":true,"href":"https:\/\/colimdo.org\/wp-api\/wp\/v2\/categories?post=48091"},{"taxonomy":"post_tag","embeddable":true,"href":"https:\/\/colimdo.org\/wp-api\/wp\/v2\/tags?post=48091"}],"curies":[{"name":"wp","href":"https:\/\/api.w.org\/{rel}","templated":true}]}}