{"id":48094,"date":"2019-02-03T15:34:11","date_gmt":"2019-02-03T15:34:11","guid":{"rendered":"https:\/\/colimdo.org\/?p=48094"},"modified":"2019-02-03T15:34:11","modified_gmt":"2019-02-03T15:34:11","slug":"fallece-rhina-medina-gomez-ex-empleada-del-comite-olimpico","status":"publish","type":"post","link":"https:\/\/colimdo.org\/noticias\/fallece-rhina-medina-gomez-ex-empleada-del-comite-olimpico\/","title":{"rendered":"Fallece Rhina Medina G\u00f3mez, ex empleada del Comit\u00e9\u00a0Ol\u00ecmpico"},"content":{"rendered":"<p><b><span lang=\"ES-DO\">SANTO DOMINGO.\u00a0<\/span><\/b><span lang=\"ES-DO\">El Comit<\/span><span lang=\"ES-DO\">\u00e9\u00a0Ol\u00edmpico Dominicano (COD) expres\u00f3 su m\u00e1s profundo pesar por el fallecimiento el s\u00e1bado de la licenciada Rhina Medina G\u00f3mez, quien labor\u00f3\u00a0por varios a\u00f1os como secretaria en el departamento t\u00e9cnico de este organismo.<\/span><\/p>\n<p><span lang=\"ES-DO\">Los restos de Rhina Medina G\u00f3mez est\u00e1n siendo velados en la calle Principal No. 81 del municipio de Hato Nuevo, en Manoguayabo, y ser\u00e1n sepultados este domingo, a las 4:00 de la tarde, en el Cementerio de esta localidad.<\/span><\/p>\n<p><span lang=\"ES-DO\">La licenciada Medina G\u00f3mez, de 38 a\u00f1os de edad, dej\u00f3 en la orfandad a una ni\u00f1a de 11 a\u00f1os y un infante de dos meses de nacido.<\/span><\/p>\n<p><span lang=\"ES-DO\">\u201cEl Comit\u00e9 Ol\u00edmpico muestra su m\u00e1s profundo pesar por el fallecimiento de Rhina Medina G\u00f3mez\u201d, dice una nota del COD.<\/span><\/p>\n<p><span lang=\"ES-DO\">El s\u00e1bado en horas de la ma\u00f1ana, Rhina Medina G\u00f3mez confront\u00f3 problemas de presi\u00f3n alta, produciendo un accidente cerebro vascular (ACV). Su deceso se produjo pasadas las 12:30 del mediod\u00eda.<\/span><\/p>\n<p><span lang=\"ES-DO\">Rhina era licenciado en idiomas y estudiante de t\u00e9rmino de la licenciatura de Derecho en la Universidad Aut\u00f3noma de Santo Domingo (UASD).<\/span><\/p>\n","protected":false},"excerpt":{"rendered":"<p>Sus restos\u00a0est\u00e1n siendo velados en la calle Principal No. 81 del municipio de Hato Nuevo, en Manoguayabo, y ser\u00e1n sepultados este domingo, a las 4:00 de la tarde.<\/p>\n","protected":false},"author":16,"featured_media":48095,"comment_status":"closed","ping_status":"closed","sticky":false,"template":"","format":"standard","meta":[],"categories":[2,60],"tags":[],"acf":[],"_links":{"self":[{"href":"https:\/\/colimdo.org\/wp-api\/wp\/v2\/posts\/48094"}],"collection":[{"href":"https:\/\/colimdo.org\/wp-api\/wp\/v2\/posts"}],"about":[{"href":"https:\/\/colimdo.org\/wp-api\/wp\/v2\/types\/post"}],"author":[{"embeddable":true,"href":"https:\/\/colimdo.org\/wp-api\/wp\/v2\/users\/16"}],"replies":[{"embeddable":true,"href":"https:\/\/colimdo.org\/wp-api\/wp\/v2\/comments?post=48094"}],"version-history":[{"count":1,"href":"https:\/\/colimdo.org\/wp-api\/wp\/v2\/posts\/48094\/revisions"}],"predecessor-version":[{"id":48096,"href":"https:\/\/colimdo.org\/wp-api\/wp\/v2\/posts\/48094\/revisions\/48096"}],"wp:featuredmedia":[{"embeddable":true,"href":"https:\/\/colimdo.org\/wp-api\/wp\/v2\/media\/48095"}],"wp:attachment":[{"href":"https:\/\/colimdo.org\/wp-api\/wp\/v2\/media?parent=48094"}],"wp:term":[{"taxonomy":"category","embeddable":true,"href":"https:\/\/colimdo.org\/wp-api\/wp\/v2\/categories?post=48094"},{"taxonomy":"post_tag","embeddable":true,"href":"https:\/\/colimdo.org\/wp-api\/wp\/v2\/tags?post=48094"}],"curies":[{"name":"wp","href":"https:\/\/api.w.org\/{rel}","templated":true}]}}