{"id":48103,"date":"2019-02-03T21:02:57","date_gmt":"2019-02-03T21:02:57","guid":{"rendered":"https:\/\/colimdo.org\/?p=48103"},"modified":"2019-02-03T21:02:57","modified_gmt":"2019-02-03T21:02:57","slug":"lionel-messi-podria-perderse-clasico-ante-real-madrid","status":"publish","type":"post","link":"https:\/\/colimdo.org\/noticias\/lionel-messi-podria-perderse-clasico-ante-real-madrid\/","title":{"rendered":"Lionel Messi podr\u00eda perderse otro cl\u00e1sico ante el Real Madrid"},"content":{"rendered":"<p>BARCELONA (ESPN) &#8212; Lionel Messi podr\u00eda perderse otro Cl\u00e1sico ante el Real Madrid, luego de que el delantero del Barcelona termin\u00f3 el juego ante el Valencia con una molestia en el muslo derecho.<\/p>\n<p>De acuerdo con reportes de la prensa espa\u00f1ola, el rodillazo accidental que el argentino recibi\u00f3 de Lato, futbolista del Valencia, le propici\u00f3 una contractura, con lo que, a falta de las pruebas m\u00e9dicas a realizarse el lunes, e informe del club, hasta el \u00faltimo momento se mantendr\u00e1 la duda sobre si podr\u00e1 jugar o no ante el Real Madrid en la Ida de las Semifinales de la Copa del Rey el pr\u00f3ximo mi\u00e9rcoles.<\/p>\n<p>Messi encabez\u00f3 la reacci\u00f3n del Bar\u00e7a, que perd\u00eda 0-2 en casa; sin embargo, apenas consigui\u00f3 el empate, vino el choque accidental con el zaguero visitante, y tuvo que salir algunos minutos de la cancha para recibir masaje en el muslo derecho.<\/p>\n<p>El t\u00e9cnico Ernesto Valverde decidi\u00f3 mantenerlo en el terreno de juego, pero result\u00f3 evidente que el capit\u00e1n cul\u00e9 estaba mermado y no arriesg\u00f3 cada que toc\u00f3 el esf\u00e9rico, por lo que el conjunto azulgrana ya no pudo darle la vuelta al marcador.<\/p>\n<p><strong>PUEDEN SIN \u00c9L<\/strong><\/p>\n<p>En la primera vuelta de la presente temporada en La Liga, Messi no pudo jugar el Cl\u00e1sico, pues previamente ante el Sevilla se fractur\u00f3 el radio del brazo derecho; sin embargo, el Bar\u00e7a gan\u00f3 5-1 con un triplete de Luis Su\u00e1rez.<\/p>\n<p>Existe otro antecedente en el que los cul\u00e9s tambi\u00e9n lograron salir airosos ante el Madrid sin el argentino como protagonista: en la campa\u00f1a 2015-16, el \u201810\u2019 volv\u00eda de una lesi\u00f3n del ligamento colateral interno de la rodilla izquierda y estuvo casi ocho semanas de baja.<\/p>\n<p>Para el cl\u00e1sico, Leo regres\u00f3 a una convocatoria, pero el entonces t\u00e9cnico Luis Enrique lo dej\u00f3 de inicio en la banca y entr\u00f3 hasta la segunda mitad, ya con el partido resuelto 3-0 a favor del Bar\u00e7a.<\/p>\n","protected":false},"excerpt":{"rendered":"<p>De acuerdo con reportes de la prensa espa\u00f1ola, el rodillazo accidental que el argentino recibi\u00f3 de Lato, futbolista del Valencia, le propici\u00f3 una contractura, con lo que, a falta de las pruebas m\u00e9dicas a realizarse el lunes, e informe del club, hasta el \u00faltimo momento se mantendr\u00e1 la duda sobre si podr\u00e1 jugar o no ante el Real Madrid en la Ida de las Semifinales de la Copa del Rey el pr\u00f3ximo mi\u00e9rcoles.<\/p>\n","protected":false},"author":16,"featured_media":48104,"comment_status":"closed","ping_status":"closed","sticky":false,"template":"","format":"standard","meta":[],"categories":[2,60],"tags":[],"acf":[],"_links":{"self":[{"href":"https:\/\/colimdo.org\/wp-api\/wp\/v2\/posts\/48103"}],"collection":[{"href":"https:\/\/colimdo.org\/wp-api\/wp\/v2\/posts"}],"about":[{"href":"https:\/\/colimdo.org\/wp-api\/wp\/v2\/types\/post"}],"author":[{"embeddable":true,"href":"https:\/\/colimdo.org\/wp-api\/wp\/v2\/users\/16"}],"replies":[{"embeddable":true,"href":"https:\/\/colimdo.org\/wp-api\/wp\/v2\/comments?post=48103"}],"version-history":[{"count":1,"href":"https:\/\/colimdo.org\/wp-api\/wp\/v2\/posts\/48103\/revisions"}],"predecessor-version":[{"id":48105,"href":"https:\/\/colimdo.org\/wp-api\/wp\/v2\/posts\/48103\/revisions\/48105"}],"wp:featuredmedia":[{"embeddable":true,"href":"https:\/\/colimdo.org\/wp-api\/wp\/v2\/media\/48104"}],"wp:attachment":[{"href":"https:\/\/colimdo.org\/wp-api\/wp\/v2\/media?parent=48103"}],"wp:term":[{"taxonomy":"category","embeddable":true,"href":"https:\/\/colimdo.org\/wp-api\/wp\/v2\/categories?post=48103"},{"taxonomy":"post_tag","embeddable":true,"href":"https:\/\/colimdo.org\/wp-api\/wp\/v2\/tags?post=48103"}],"curies":[{"name":"wp","href":"https:\/\/api.w.org\/{rel}","templated":true}]}}