{"id":48117,"date":"2019-02-04T01:32:02","date_gmt":"2019-02-04T01:32:02","guid":{"rendered":"https:\/\/colimdo.org\/?p=48117"},"modified":"2019-02-04T01:32:02","modified_gmt":"2019-02-04T01:32:02","slug":"real-madrid-no-tuvo-piedad-alaves-la-liga-espana","status":"publish","type":"post","link":"https:\/\/colimdo.org\/noticias\/real-madrid-no-tuvo-piedad-alaves-la-liga-espana\/","title":{"rendered":"Real Madrid no tuvo piedad con el Alav\u00e9s en la Liga de Espa\u00f1a"},"content":{"rendered":"<p>Madrid (Paola N\u00fa\u00f1ez, ESPN Digital) &#8212;\u00a0Karim Benzema\u00a0y Vinicius J\u00fanior han llegado a febrero con las u\u00f1as afiladas.<\/p>\n<p>Bueno para el Real Madrid, que tiene en la dupla de ataque el mejor argumento para seguir creyendo en la remontada liguera. Malo para el resto, particularmente Barcelona y Atl\u00e9tico, que lo empiezan a ver demasiado cerca.<\/p>\n<p>El Real Madrid materializ\u00f3 esa &#8220;promesa&#8221; de volver a la pelea por el t\u00edtulo de Liga con una victoria por 3-0 sobre el Alav\u00e9s en el encuentro disputado este domingo en el Santiago Bernab\u00e9u.<\/p>\n<p>Despu\u00e9s de pasarse media temporada desaprovechando una oportunidad tras otra de recortar distancias con respecto a la cima, bast\u00f3 con que veterano y aprendiz acertaran en un par de sus (m\u00faltiples) llegadas de peligro para que el sue\u00f1o se hiciera realidad. El conjunto merengue por una vez sac\u00f3 ventaja del &#8216;derrap\u00f3n&#8217; de sus rivales directos y se ha puesto a ocho puntos del l\u00edder, Barcelona, y solo dos del Atl\u00e9tico a una semana del derbi madrile\u00f1o.<\/p>\n<p>Pero si el Real Madrid vuelve a dar se\u00f1ales de vida en el campeonato espa\u00f1ol ha sido porque Benzema y Vinicius as\u00ed lo han querido. Porque han decidido quitarse de encima el peso de llevar el &#8216;9&#8217; en el dorsal, el primero, y justificar el cartel de &#8220;estrella del futuro&#8221;, el segundo, y se han dedicado a divertirse.<\/p>\n<p>Con ellos, el resto del equipo ha ganado consistencia y regularidad en su juego. Sobre todo, seguridad y confianza en s\u00ed mismo.<\/p>\n<p>Jam\u00e1s dio muestras de desesperaci\u00f3n o temor a verse sorprendidos a la primera p\u00e9rdida &#8211; y bien les pudo pasar, pues la zaga es la que es, a\u00fan con Reguil\u00f3n dando muestras semana tras semana del porqu\u00e9 le ha ganado la titularidad en Liga a Marcelo.<\/p>\n<p>El Madrid tuvo la paciencia que no hab\u00eda tenido en meses y se vio recompensado.<\/p>\n<p>Durante media hora intent\u00f3 abrir a una de las defensas m\u00e1s organizadas que se han parado en el Bernab\u00e9u en los \u00faltimos meses. Rara vez cedi\u00f3 el bal\u00f3n, y cuando lo hizo, no dej\u00f3 que pasara de la media m\u00e1s que en un par de ocasiones. Tambi\u00e9n Courtois mostr\u00f3 seguridad atr\u00e1s, incluso cuando un pase retrasado estuvo a mil\u00edmetros de tirar todo por la borda.<\/p>\n<p>Madrid generaba una ocasi\u00f3n tras otra, ya fuera por la banda de Bale, que volv\u00eda a la titularidad, o (con mayor frecuencia) por la de Vinicius. Hasta que provoc\u00f3 que la defensa rival se viera desbordada en una jugada a velocidad en que Reguil\u00f3n tuvo un papel fundamental para el 1-0. En una llegada por su banda, el lateral se apoy\u00f3 en Vinicius para anular a la defensa con una pared y ponerle un centro preciso a Benzema, que ya sin marca dentro del \u00e1rea, remat\u00f3 a placer.<\/p>\n<p>La ventaja le dio m\u00e1s seguridad al Madrid, que a tres d\u00edas del cl\u00e1sico, se dedic\u00f3 a gestionar su ventaja. A la hora de juego Solari se guard\u00f3 a Bale, y despu\u00e9s a Benzema, que sali\u00f3 ovacionado, para dejar su lugar a Mariano.<\/p>\n<p>Con el partido bajo control y como las amenazas a Courtois eran escasas y, cosa rara, no llegaban a provocar mayor sobresalto a la defensa, se lo tomaron con m\u00e1s calma. Y en esa paz, cuando la grada ya casi celebraba irse a casa con la tranquilidad del 1-0, Vinicius J\u00fanior redonde\u00f3 para regocijo de la afici\u00f3n.<\/p>\n<p>Cerr\u00f3 la cuenta, ya en tiempo de compesaci\u00f3n, el m\u00e1s improbable de todos: Mariano, que estren\u00f3 as\u00ed el &#8216;7&#8217; que lleva a la espalda.<\/p>\n","protected":false},"excerpt":{"rendered":"<p>El Real Madrid materializ\u00f3 esa &#8220;promesa&#8221; de volver a la pelea por el t\u00edtulo de Liga con una victoria por 3-0 sobre el Alav\u00e9s en el encuentro disputado este domingo en el Santiago Bernab\u00e9u.<\/p>\n","protected":false},"author":16,"featured_media":48118,"comment_status":"closed","ping_status":"closed","sticky":false,"template":"","format":"standard","meta":[],"categories":[2,60],"tags":[],"acf":[],"_links":{"self":[{"href":"https:\/\/colimdo.org\/wp-api\/wp\/v2\/posts\/48117"}],"collection":[{"href":"https:\/\/colimdo.org\/wp-api\/wp\/v2\/posts"}],"about":[{"href":"https:\/\/colimdo.org\/wp-api\/wp\/v2\/types\/post"}],"author":[{"embeddable":true,"href":"https:\/\/colimdo.org\/wp-api\/wp\/v2\/users\/16"}],"replies":[{"embeddable":true,"href":"https:\/\/colimdo.org\/wp-api\/wp\/v2\/comments?post=48117"}],"version-history":[{"count":1,"href":"https:\/\/colimdo.org\/wp-api\/wp\/v2\/posts\/48117\/revisions"}],"predecessor-version":[{"id":48119,"href":"https:\/\/colimdo.org\/wp-api\/wp\/v2\/posts\/48117\/revisions\/48119"}],"wp:featuredmedia":[{"embeddable":true,"href":"https:\/\/colimdo.org\/wp-api\/wp\/v2\/media\/48118"}],"wp:attachment":[{"href":"https:\/\/colimdo.org\/wp-api\/wp\/v2\/media?parent=48117"}],"wp:term":[{"taxonomy":"category","embeddable":true,"href":"https:\/\/colimdo.org\/wp-api\/wp\/v2\/categories?post=48117"},{"taxonomy":"post_tag","embeddable":true,"href":"https:\/\/colimdo.org\/wp-api\/wp\/v2\/tags?post=48117"}],"curies":[{"name":"wp","href":"https:\/\/api.w.org\/{rel}","templated":true}]}}