{"id":48120,"date":"2019-02-04T01:40:31","date_gmt":"2019-02-04T01:40:31","guid":{"rendered":"https:\/\/colimdo.org\/?p=48120"},"modified":"2019-02-04T01:40:31","modified_gmt":"2019-02-04T01:40:31","slug":"juramentan-comite-organizador-juegos-deportivos-inter-clubes-la-vega","status":"publish","type":"post","link":"https:\/\/colimdo.org\/noticias\/juramentan-comite-organizador-juegos-deportivos-inter-clubes-la-vega\/","title":{"rendered":"Juramentan Comit\u00e9 Organizador Juegos Deportivos Inter clubes de La Vega"},"content":{"rendered":"<p>LA VEGA.-Fue juramentado el comit\u00e9 organizador de los d\u00e9cimos segundos juegos deportivos inter clubes La Vega 2019 pautado para realizarse del 6 al 14 de abril con la participaci\u00f3n de m\u00e1s de dos atletas de 24 disciplinas deportivas.<\/p>\n<p>El comit\u00e9 es encabezado por el deportista C\u00e9sar Abreu Maracallo y fue juramentado por el gobernador Provincial Bol\u00edvar Marte.<\/p>\n<p>Durante el acto, celebrado en un restaurante local, el gobernador mostr\u00f3 satisfacci\u00f3n por la escogencia de los juramentados y los exhort\u00f3 a trabajar en equipo a fin de garantizar el \u00e9xito de la justa.<\/p>\n<p>Junto a Abreu tambi\u00e9n estar\u00e1n trabajando en la organizaci\u00f3n del evento, el profesor Jos\u00e9 Estrella, como director t\u00e9cnico y quien estar\u00e1 asistido por el profesor Ram\u00f3n Batista y Edisson Adames, mientras que Rufino Guti\u00e9rrez ser\u00e1 el tesorero. Jaime S\u00e1nchez \u00a0en la direcci\u00f3n de baile folkl\u00f3rico\u00a0y Juan Marte, director de apertura y clausura.<\/p>\n<p>La joven cronista deportivo Mildred N\u00fa\u00f1ez es la encargada de Protocolo y Ram\u00f3n Mej\u00eda en las fotograf\u00edas, mientras que en la direcci\u00f3n de prensa est\u00e1\u00a0 Tony Reyes y Mario Tavarez Rivas en la coordinaci\u00f3n de los comunicadores locales y Alfonso Henr\u00edquez fungir\u00e1 como vocal.<\/p>\n<p>Bolivar destac\u00f3 el gran trabajo que hizo el comit\u00e9 en los pasados juegos que fueron celebrados exitosamente en este municipio.<\/p>\n<p>Asimismo, Marte tambi\u00e9n se comprometi\u00f3 a diligenciar antes las autoridades y los empresarios toda la ayuda econ\u00f3micas necesarias que garanticen\u00a0 que la justa atl\u00e9tica se efect\u00fae con mucho \u00e9xitos.<\/p>\n","protected":false},"excerpt":{"rendered":"<p>El comit\u00e9 es encabezado por el deportista C\u00e9sar Abreu Maracallo y fue juramentado por el gobernador Provincial Bol\u00edvar Marte.<\/p>\n","protected":false},"author":16,"featured_media":48121,"comment_status":"closed","ping_status":"closed","sticky":false,"template":"","format":"standard","meta":[],"categories":[2,60],"tags":[],"acf":[],"_links":{"self":[{"href":"https:\/\/colimdo.org\/wp-api\/wp\/v2\/posts\/48120"}],"collection":[{"href":"https:\/\/colimdo.org\/wp-api\/wp\/v2\/posts"}],"about":[{"href":"https:\/\/colimdo.org\/wp-api\/wp\/v2\/types\/post"}],"author":[{"embeddable":true,"href":"https:\/\/colimdo.org\/wp-api\/wp\/v2\/users\/16"}],"replies":[{"embeddable":true,"href":"https:\/\/colimdo.org\/wp-api\/wp\/v2\/comments?post=48120"}],"version-history":[{"count":1,"href":"https:\/\/colimdo.org\/wp-api\/wp\/v2\/posts\/48120\/revisions"}],"predecessor-version":[{"id":48122,"href":"https:\/\/colimdo.org\/wp-api\/wp\/v2\/posts\/48120\/revisions\/48122"}],"wp:featuredmedia":[{"embeddable":true,"href":"https:\/\/colimdo.org\/wp-api\/wp\/v2\/media\/48121"}],"wp:attachment":[{"href":"https:\/\/colimdo.org\/wp-api\/wp\/v2\/media?parent=48120"}],"wp:term":[{"taxonomy":"category","embeddable":true,"href":"https:\/\/colimdo.org\/wp-api\/wp\/v2\/categories?post=48120"},{"taxonomy":"post_tag","embeddable":true,"href":"https:\/\/colimdo.org\/wp-api\/wp\/v2\/tags?post=48120"}],"curies":[{"name":"wp","href":"https:\/\/api.w.org\/{rel}","templated":true}]}}