{"id":48123,"date":"2019-02-04T01:46:28","date_gmt":"2019-02-04T01:46:28","guid":{"rendered":"https:\/\/colimdo.org\/?p=48123"},"modified":"2019-02-04T01:46:57","modified_gmt":"2019-02-04T01:46:57","slug":"avion-donde-viajaba-emiliano-sala-fue-hallado-fondo-del-canal-la-mancha","status":"publish","type":"post","link":"https:\/\/colimdo.org\/noticias\/avion-donde-viajaba-emiliano-sala-fue-hallado-fondo-del-canal-la-mancha\/","title":{"rendered":"Avi\u00f3n donde viajaba Emiliano Sala fue hallado en el fondo del Canal de la Mancha"},"content":{"rendered":"<div id=\"tgt1-Col1-0-ContentCanvas-Proxy\">\n<div id=\"tgt1-Col1-0-ContentCanvas\" class=\"content-canvas Bgc(#fff) Pos(r)\">\n<article data-uuid=\"558b848b-8cbf-365c-abaf-d06051a5fce0\" data-type=\"story\">\n<div class=\"canvas-body Wow(bw) Cl(start) Mb(20px) Lh(30px) Fz(18px) Ff(s) C(#000) D(i)\">\n<p class=\"canvas-atom canvas-text Mb(1.0em) Mb(0)--sm Mt(0.8em)--sm\" style=\"margin: 0px 0px 1em;\">YAHOO. Los restos del avi\u00f3n donde viajaba Emiliano Sala rumbo a Cardiff fueron hallados este domingo en el fondo del Canal de la Mancha. Una noticia que sacudi\u00f3 al mundo del f\u00fatbol y a la familia del delantero, que est\u00e1 desaparecido desde el 22 de enero.<\/p>\n<p class=\"canvas-atom canvas-text Mb(1.0em) Mb(0)--sm Mt(0.8em)--sm\" style=\"margin: 0px 0px 1em;\">&#8220;No lo puedo creer, esto es un mal sue\u00f1o. Estoy desesperado&#8221;, asegur\u00f3 Horacio Sala, el padre del futbolista.<\/p>\n<p class=\"canvas-atom canvas-text Mb(1.0em) Mb(0)--sm Mt(0.8em)--sm\">En di\u00e1logo con Cr\u00f3nica TV, el pap\u00e1 del futbolista cont\u00f3 que se enter\u00f3 de la noticia a trav\u00e9s de los medios porque es el \u00fanico miembro de la familia que est\u00e1 en Argentina: &#8220;Sab\u00eda que lo estaban buscando, pero no ten\u00eda noticias. Mi mujer, mis dos hijos y algunos amigos de Emiliano est\u00e1n all\u00e1. Hoy no me comuniqu\u00e9 con nadie. Hablo todos los d\u00edas,\u00a0pero como mi tel\u00e9fono no tiene Whatsapp me cuesta llamarlos o que me llamen&#8221;.<\/p>\n<p class=\"canvas-atom canvas-text Mb(1.0em) Mb(0)--sm Mt(0.8em)--sm\">Tras la confirmaci\u00f3n del hallazgo, este lunes habr\u00e1 una comunicaci\u00f3n oficial para contar c\u00f3mo seguir\u00e1n las tareas.<\/p>\n<div><\/div>\n<\/div>\n<\/article>\n<\/div>\n<\/div>\n<div id=\"tgt1-Col1-1-GeminiBannerPromo-Proxy\"><\/div>\n","protected":false},"excerpt":{"rendered":"<p>El avi\u00f3n con el futbolista argentino hab\u00eda desaparecido el pasado 22 de enero.<\/p>\n","protected":false},"author":16,"featured_media":48124,"comment_status":"closed","ping_status":"closed","sticky":false,"template":"","format":"standard","meta":[],"categories":[2,60],"tags":[],"acf":[],"_links":{"self":[{"href":"https:\/\/colimdo.org\/wp-api\/wp\/v2\/posts\/48123"}],"collection":[{"href":"https:\/\/colimdo.org\/wp-api\/wp\/v2\/posts"}],"about":[{"href":"https:\/\/colimdo.org\/wp-api\/wp\/v2\/types\/post"}],"author":[{"embeddable":true,"href":"https:\/\/colimdo.org\/wp-api\/wp\/v2\/users\/16"}],"replies":[{"embeddable":true,"href":"https:\/\/colimdo.org\/wp-api\/wp\/v2\/comments?post=48123"}],"version-history":[{"count":2,"href":"https:\/\/colimdo.org\/wp-api\/wp\/v2\/posts\/48123\/revisions"}],"predecessor-version":[{"id":48126,"href":"https:\/\/colimdo.org\/wp-api\/wp\/v2\/posts\/48123\/revisions\/48126"}],"wp:featuredmedia":[{"embeddable":true,"href":"https:\/\/colimdo.org\/wp-api\/wp\/v2\/media\/48124"}],"wp:attachment":[{"href":"https:\/\/colimdo.org\/wp-api\/wp\/v2\/media?parent=48123"}],"wp:term":[{"taxonomy":"category","embeddable":true,"href":"https:\/\/colimdo.org\/wp-api\/wp\/v2\/categories?post=48123"},{"taxonomy":"post_tag","embeddable":true,"href":"https:\/\/colimdo.org\/wp-api\/wp\/v2\/tags?post=48123"}],"curies":[{"name":"wp","href":"https:\/\/api.w.org\/{rel}","templated":true}]}}