{"id":48157,"date":"2019-02-04T20:13:49","date_gmt":"2019-02-04T20:13:49","guid":{"rendered":"https:\/\/colimdo.org\/?p=48157"},"modified":"2019-02-04T20:13:49","modified_gmt":"2019-02-04T20:13:49","slug":"barcelona-prepara-clasico-ante-real-madrid-sin-messi","status":"publish","type":"post","link":"https:\/\/colimdo.org\/noticias\/barcelona-prepara-clasico-ante-real-madrid-sin-messi\/","title":{"rendered":"Barcelona prepara el Cl\u00e1sico ante el Real Madrid sin Messi"},"content":{"rendered":"<p>BARCELONA &#8212; El Barcelona comenz\u00f3 a preparar el Cl\u00e1sico del mi\u00e9rcoles sin Messi, quien acudi\u00f3 a la Ciudad Deportiva a tratarse el golpe sufrido en el muslo durante el partido frente al Valencia y no se ejercit\u00f3 a las \u00f3rdenes de Ernesto Valverde. Envuelto en un halo de misterio, desde el club no se confirm\u00f3 que el capit\u00e1n pasase este lunes pruebas m\u00e9dicas y apenas se traslad\u00f3 que hizo \u201ctratamiento\u201d.<\/p>\n<p>Messi se qued\u00f3 en el gimnasio junto a los m\u00e9dicos de la primera plantilla comprobando si la sobrecarga hab\u00eda remitido y analizando hasta qu\u00e9 punto ser\u00eda arriesgado forzar su participaci\u00f3n ante el Real Madrid, teniendo en cuenta que el domingo el Bar\u00e7a visitar\u00e1 al Athletic en San Mam\u00e9sy despu\u00e9s tendr\u00e1 seis d\u00edas sin partidos, antes de recibir al Valladolid en el Camp Nou como previa al regreso de la Champions, en Lyon el 19 de febrero.<\/p>\n<p>Seg\u00fan las sensaciones del propio jugador argentino ser\u00e1 Valverde quien el martes solvente incluirle o no en la lista de convocados. No ser\u00eda aventurado especular con una lista de 19 futbolistas para el Cl\u00e1sico y no tener la certeza de la presencia de Leo hasta el mismo mi\u00e9rcoles por la tarde, aunque una fuente cercana al vestuario azulgrana explic\u00f3 a ESPN que la intenci\u00f3n del crack azulgrana es probarse en el \u00faltimo entrenamiento y, si las sensaciones son buenas, entrar en la convocatoria.<\/p>\n<p>Ausente en el \u00faltimo Cl\u00e1sico, que el Bar\u00e7a solvent\u00f3 con una hist\u00f3rica goleada, Messi entiende fuera de lugar arriesgar sin necesidad justo cuando va lleg\u00e1ndose al momento cumbre de la temporada y aunque su deseo \u00edntimo, se sobrentiende, es jugar frente al Real Madrid no ser\u00eda una sorpresa que, como en las eliminatorias de Copa precedentes contra Levante y Sevilla volviera a faltar en el partido de ida, aunque el rival es el que es y el partido sea en el Camp Nou.<\/p>\n<p><strong>OPTIMISMO CON DEMB\u00c9L\u00c9<\/strong><\/p>\n<p>Si la presencia de Messi se mantendr\u00e1 en duda hasta el \u00faltimo momento, en el mejor de los casos, con Ousmane Demb\u00e9l\u00e9 la sensaci\u00f3n es abiertamente optimista. El delantero franc\u00e9s entren\u00f3 este lunes con aparente normalidad y su presencia en el Cl\u00e1sico, en la lista de convocados por lo menos, se entiende muy probable.<\/p>\n<p>Demb\u00e9l\u00e9 sufri\u00f3 un esguince de tobillo en el partido frente al Legan\u00e9s\u00a0y su recuperaci\u00f3n se fren\u00f3 a \u00faltima hora al padecer una amigdalitis. Valverde, quien ya descart\u00f3 su presencia frente al Valencia, estim\u00f3 posible recuperarle para esta semana y este lunes se reincorpor\u00f3 al trabajo de grupo, con alguna reserva, por lo que no deber\u00eda existir ning\u00fan problema para que est\u00e9 en condiciones de jugar el mi\u00e9rcoles contra el Real Madrid.<\/p>\n","protected":false},"excerpt":{"rendered":"<p>Messi se qued\u00f3 en el gimnasio junto a los m\u00e9dicos de la primera plantilla comprobando si la sobrecarga hab\u00eda remitido y analizando hasta qu\u00e9 punto ser\u00eda arriesgado forzar su participaci\u00f3n ante el Real Madrid.<\/p>\n","protected":false},"author":16,"featured_media":48158,"comment_status":"closed","ping_status":"closed","sticky":false,"template":"","format":"standard","meta":[],"categories":[2,60],"tags":[],"acf":[],"_links":{"self":[{"href":"https:\/\/colimdo.org\/wp-api\/wp\/v2\/posts\/48157"}],"collection":[{"href":"https:\/\/colimdo.org\/wp-api\/wp\/v2\/posts"}],"about":[{"href":"https:\/\/colimdo.org\/wp-api\/wp\/v2\/types\/post"}],"author":[{"embeddable":true,"href":"https:\/\/colimdo.org\/wp-api\/wp\/v2\/users\/16"}],"replies":[{"embeddable":true,"href":"https:\/\/colimdo.org\/wp-api\/wp\/v2\/comments?post=48157"}],"version-history":[{"count":1,"href":"https:\/\/colimdo.org\/wp-api\/wp\/v2\/posts\/48157\/revisions"}],"predecessor-version":[{"id":48159,"href":"https:\/\/colimdo.org\/wp-api\/wp\/v2\/posts\/48157\/revisions\/48159"}],"wp:featuredmedia":[{"embeddable":true,"href":"https:\/\/colimdo.org\/wp-api\/wp\/v2\/media\/48158"}],"wp:attachment":[{"href":"https:\/\/colimdo.org\/wp-api\/wp\/v2\/media?parent=48157"}],"wp:term":[{"taxonomy":"category","embeddable":true,"href":"https:\/\/colimdo.org\/wp-api\/wp\/v2\/categories?post=48157"},{"taxonomy":"post_tag","embeddable":true,"href":"https:\/\/colimdo.org\/wp-api\/wp\/v2\/tags?post=48157"}],"curies":[{"name":"wp","href":"https:\/\/api.w.org\/{rel}","templated":true}]}}