{"id":48165,"date":"2019-02-04T20:25:36","date_gmt":"2019-02-04T20:25:36","guid":{"rendered":"https:\/\/colimdo.org\/?p=48165"},"modified":"2019-02-04T20:25:36","modified_gmt":"2019-02-04T20:25:36","slug":"alexander-zverev-dice-no-jugara-la-copa-davis-madrid","status":"publish","type":"post","link":"https:\/\/colimdo.org\/noticias\/alexander-zverev-dice-no-jugara-la-copa-davis-madrid\/","title":{"rendered":"Alexander Zverev dice no jugar\u00e1 la Copa Davis en Madrid"},"content":{"rendered":"<p>ESPN. Est\u00e1 firme. Debut\u00f3 en la Copa Davis 2019, pero no la volver\u00e1 a jugar este a\u00f1o. Alexander Zverev fue importante en el triunfo de Alemania, en Francfort, sobre Hungr\u00eda, pero ya aclar\u00f3 que no disputar\u00e1 la fase final en noviembre, en Madrid, porque no est\u00e1 de acuerdo con el nuevo formato del principal torneo mundial por equipos.<\/p>\n<p>El N\u00b03 del mundo, de 21 a\u00f1os, ya hab\u00eda dicho en 2018 que no estaba de acuerdo con el cambio del sistema de juego de la Copa Davis para esta temporada. El Grupo Kosmos, liderado por el futbolista espa\u00f1ol Gerard Piqu\u00e9, de Barcelona, adquiri\u00f3 los derechos y lleva al famoso certamen a la capital espa\u00f1ola, con 18 pa\u00edses divididos en grupos, perdiendo la local\u00eda.<\/p>\n<p>El \u00fanico due\u00f1o de casa ser\u00e1 Espa\u00f1a, est\u00e1 claro, mientras que el resto de los participantes ya no podr\u00e1 actuar en casa. En la fase inicial, Zverev fue valioso frente a Hungr\u00eda, en cancha dura y bajo techo, pero no volver\u00e1 a ser de la partida, mientras que este torneo no se pueda jugar con el sistema hist\u00f3rico.<\/p>\n<p>&#8220;No hay nada en el mundo que me haga cambiar de opini\u00f3n. No jugar\u00e9 la Copa Davis en Madrid, lo siento. Creo que el nuevo formato no es bueno. Piqu\u00e9 y yo somos buenos amigos. A veces, vamos a cenar juntos. Nos llevamos bien, pero soy una persona adulta y tengo mi propia opini\u00f3n&#8221;, asegur\u00f3 el germano.<\/p>\n<p>&#8220;El sentimiento de jugar en casa es muy especial y es una pena que lo perdamos. Ojal\u00e1 se recupere el formato antiguo&#8221;, explic\u00f3, tal y como recogen medios alemanes.<\/p>\n<p>En la misma senda de Zverev hay otros jugadores de peso. Habr\u00e1 que ver c\u00f3mo contin\u00faa esta historia y si hay m\u00e1s bajas en los pr\u00f3ximos nueve meses, hasta que llegue la primera edici\u00f3n de la Copa Davis con este formato tan particular.<\/p>\n","protected":false},"excerpt":{"rendered":"<p>El N\u00b03 del mundo, de 21 a\u00f1os, ya hab\u00eda dicho en 2018 que no estaba de acuerdo con el cambio del sistema de juego de la Copa Davis para esta temporada<\/p>\n","protected":false},"author":16,"featured_media":48166,"comment_status":"closed","ping_status":"closed","sticky":false,"template":"","format":"standard","meta":[],"categories":[2,60],"tags":[],"acf":[],"_links":{"self":[{"href":"https:\/\/colimdo.org\/wp-api\/wp\/v2\/posts\/48165"}],"collection":[{"href":"https:\/\/colimdo.org\/wp-api\/wp\/v2\/posts"}],"about":[{"href":"https:\/\/colimdo.org\/wp-api\/wp\/v2\/types\/post"}],"author":[{"embeddable":true,"href":"https:\/\/colimdo.org\/wp-api\/wp\/v2\/users\/16"}],"replies":[{"embeddable":true,"href":"https:\/\/colimdo.org\/wp-api\/wp\/v2\/comments?post=48165"}],"version-history":[{"count":1,"href":"https:\/\/colimdo.org\/wp-api\/wp\/v2\/posts\/48165\/revisions"}],"predecessor-version":[{"id":48167,"href":"https:\/\/colimdo.org\/wp-api\/wp\/v2\/posts\/48165\/revisions\/48167"}],"wp:featuredmedia":[{"embeddable":true,"href":"https:\/\/colimdo.org\/wp-api\/wp\/v2\/media\/48166"}],"wp:attachment":[{"href":"https:\/\/colimdo.org\/wp-api\/wp\/v2\/media?parent=48165"}],"wp:term":[{"taxonomy":"category","embeddable":true,"href":"https:\/\/colimdo.org\/wp-api\/wp\/v2\/categories?post=48165"},{"taxonomy":"post_tag","embeddable":true,"href":"https:\/\/colimdo.org\/wp-api\/wp\/v2\/tags?post=48165"}],"curies":[{"name":"wp","href":"https:\/\/api.w.org\/{rel}","templated":true}]}}