{"id":48168,"date":"2019-02-04T20:34:39","date_gmt":"2019-02-04T20:34:39","guid":{"rendered":"https:\/\/colimdo.org\/?p=48168"},"modified":"2019-02-04T20:34:39","modified_gmt":"2019-02-04T20:34:39","slug":"fifa-elimina-la-restriccion-fondos-la-fedofutbol","status":"publish","type":"post","link":"https:\/\/colimdo.org\/noticias\/fifa-elimina-la-restriccion-fondos-la-fedofutbol\/","title":{"rendered":"FIFA elimina la restricci\u00f3n de fondos a la FEDOFUTBOL"},"content":{"rendered":"<p class=\"x_MsoNormal\"><span lang=\"ES-TRAD\">SANTO DOMINGO.- La Federaci\u00f3n Internacional de F\u00fatbol (FIFA) elimin\u00f3 la restricci\u00f3n temporal de desembolso de fondos hacia la Federaci\u00f3n Dominicana de Futbol (FEDOFUTBOL), luego de recibir el visto bueno del Comit\u00e9 de Auditor\u00eda y Cumplimiento de ese organismo radicado en Zurich.<\/span><\/p>\n<p class=\"x_MsoNormal\"><span lang=\"ES-TRAD\">Lo propio tambi\u00e9n hizo la Confederaci\u00f3n Norte, Centroamericana y del Caribe de F\u00fatbol (Concacaf), que tambi\u00e9n levant\u00f3 el impedimento de acceso de fondos para el desarrollo de programas para el fomento del f\u00fatbol dominicano.<\/span><\/p>\n<p class=\"x_MsoNormal\"><span lang=\"ES-TRAD\">La informaci\u00f3n la ofreci\u00f3 el presidente del Comit\u00e9 de Regularizaci\u00f3n de Fedofutbol, Manuel Luna, quien rindi\u00f3 un detallado informe de los primeros tres meses de gesti\u00f3n de ese organismo, indicando que a partir de febrero esa instituci\u00f3n comenzar\u00e1 a recibir el flujo de fondos administrativos, tanto de FIFA como de la CONCACAF.<\/span><\/p>\n<p class=\"x_MsoNormal\"><span lang=\"ES-TRAD\">\u201cLogramos en menos de dos meses depositar todos los requerimientos administrativos requeridos para que en tiempo record pudi\u00e9ramos cumplir con el mandato de FIFA y lograr que se eliminara la restricci\u00f3n temporal que ten\u00eda nuestra federaci\u00f3n\u201d, indic\u00f3 Luna, quien estuvo acompa\u00f1ado del Ministro de Deportes, licenciado Danilo D\u00edaz, as\u00ed como de Francisco Lapouble y Alfredo Badu\u00ed, miembros de la Comisi\u00f3n de Regularizaci\u00f3n de la Fedofutbol.<\/span><span lang=\"ES-TRAD\">\u00a0<\/span><\/p>\n<p class=\"x_MsoNormal\"><span lang=\"ES-TRAD\">Explic\u00f3 que han trabajado con tres focos. Estos son: el administrativo, el legal y el deportivo.<\/span><\/p>\n<p class=\"x_MsoNormal\"><span lang=\"ES-TRAD\">En lo administrativo, entre otras cosas, han logrado reducir la n\u00f3mina de la federaci\u00f3n de un 30 por ciento e iniciaron el proceso de auditoria forense, la cual estar\u00e1 a cargo de la firma Ernst and Young.<\/span><\/p>\n<p class=\"x_MsoNormal\"><span lang=\"ES-TRAD\">En la rama legal, indicaron que se encuentran avanzando el proceso de normalizaci\u00f3n de las asociaciones y que iniciar\u00e1n el proceso de descenso a las provincias en los pr\u00f3ximos d\u00edas, comenzando en San Pedro de Macor\u00eds, para verificar las informaciones suministradas para su regularizaci\u00f3n. Tambi\u00e9n se indic\u00f3 que la Fedofutbol est\u00e1 siendo asesorada por HedirkRizik \u00c1lvarez y Fern\u00e1ndez para todos los temas relativos a contratos que se hab\u00edan suscrito en la pasada administraci\u00f3n.<\/span><\/p>\n<p class=\"x_MsoNormal\"><span lang=\"ES-TRAD\">En los aspectos deportivos se anunci\u00f3 que Rep\u00fablica Dominicana jugar\u00e1 un partido amistoso con Guadalupe, entre el 18 de febrero y el 2 de marzo con Guadalupe. \u201cAdem\u00e1s visitamos a una serie de jugadores eurodominicanos para explicarles los nuevos pasos que estamos dando en la federaci\u00f3n y as\u00ed tratar de motivarlos a que se unan a nuestra selecci\u00f3n\u201d, precis\u00f3 Luna.<\/span><\/p>\n<p class=\"x_MsoNormal\"><span lang=\"ES-TRAD\">Tambi\u00e9n se detallaron los avances en la Liga Dominicana de F\u00fatbol (LDF), donde por primera vez est\u00e1 en funcionamiento el \u00f3rgano de co-gobierno de la LDF, y se estrena un reglamento de \u201cLicenciamiento de Clubes\u201d y se est\u00e1 preparando un reglamento comercial que le permita a los equipos conocer con transparencia en el manejo de los fondos de la Liga.<\/span><\/p>\n<p class=\"x_MsoNormal\"><span lang=\"ES-TRAD\">En la presentaci\u00f3n tambi\u00e9n se inform\u00f3 que a partir de febrero comenzar\u00e1 a trabajar con la puesta en funcionamiento del programa FIFA Connect, y que presentar\u00e1n a la FIFA varios proyectos para su consideraci\u00f3n dentro del programa FORWARD 1.0, que incluye la remodelaci\u00f3n de la federaci\u00f3n.<\/span><\/p>\n<p class=\"x_MsoNormal\"><span lang=\"ES-TRAD\">Por \u00faltimo, Luna present\u00f3 el cambio de imagen de la federaci\u00f3n, el cual fue donado por la publicitaria EL TALLER y en el cual se proyecta una perfil de una federaci\u00f3n nueva, m\u00e1s limpia y transparente.<\/span><\/p>\n<p class=\"x_MsoNormal\"><b><span lang=\"ES-TRAD\">Danilo D\u00edaz, satisfecho<\/span><\/b><\/p>\n<p class=\"x_MsoNormal\"><span lang=\"ES-TRAD\">Durante el encuentro, el Ministro de Deportes, Danilo D\u00edaz, se mostr\u00f3 satisfecho con el trabajo realizado por la Comisi\u00f3n de Normalizaci\u00f3n de la Fedofutbol durante los \u00faltimos 90 d\u00edas.<\/span><\/p>\n<p class=\"x_MsoNormal\"><span lang=\"ES-TRAD\">\u201cEste informe expresa el avance que ha tenido el f\u00fatbol dominicano. Hay que reconocer que (Manuel) Luna y su equipo (Alfredo Badu\u00ed y Francisco Lapouble) ha hecho su tarea\u201d, dijo el funcionario, quien particip\u00f3 en la actividad realizada en el sal\u00f3n James Rodr\u00edguez del Ministerio de Deportes.<\/span><\/p>\n<p class=\"x_MsoNormal\"><span lang=\"ES-TRAD\">Resalt\u00f3 que esa labor \u201caugura que damos un salto positivo\u201d.<\/span><\/p>\n","protected":false},"excerpt":{"rendered":"<p>Fedofutbol rindi\u00f3 informe de los primeros tres meses de gesti\u00f3n y present\u00f3 nueva imagen de la federaci\u00f3n<\/p>\n","protected":false},"author":16,"featured_media":48169,"comment_status":"closed","ping_status":"closed","sticky":false,"template":"","format":"standard","meta":[],"categories":[2,60],"tags":[],"acf":[],"_links":{"self":[{"href":"https:\/\/colimdo.org\/wp-api\/wp\/v2\/posts\/48168"}],"collection":[{"href":"https:\/\/colimdo.org\/wp-api\/wp\/v2\/posts"}],"about":[{"href":"https:\/\/colimdo.org\/wp-api\/wp\/v2\/types\/post"}],"author":[{"embeddable":true,"href":"https:\/\/colimdo.org\/wp-api\/wp\/v2\/users\/16"}],"replies":[{"embeddable":true,"href":"https:\/\/colimdo.org\/wp-api\/wp\/v2\/comments?post=48168"}],"version-history":[{"count":1,"href":"https:\/\/colimdo.org\/wp-api\/wp\/v2\/posts\/48168\/revisions"}],"predecessor-version":[{"id":48170,"href":"https:\/\/colimdo.org\/wp-api\/wp\/v2\/posts\/48168\/revisions\/48170"}],"wp:featuredmedia":[{"embeddable":true,"href":"https:\/\/colimdo.org\/wp-api\/wp\/v2\/media\/48169"}],"wp:attachment":[{"href":"https:\/\/colimdo.org\/wp-api\/wp\/v2\/media?parent=48168"}],"wp:term":[{"taxonomy":"category","embeddable":true,"href":"https:\/\/colimdo.org\/wp-api\/wp\/v2\/categories?post=48168"},{"taxonomy":"post_tag","embeddable":true,"href":"https:\/\/colimdo.org\/wp-api\/wp\/v2\/tags?post=48168"}],"curies":[{"name":"wp","href":"https:\/\/api.w.org\/{rel}","templated":true}]}}