{"id":48174,"date":"2019-02-04T23:22:00","date_gmt":"2019-02-04T23:22:00","guid":{"rendered":"https:\/\/colimdo.org\/?p=48174"},"modified":"2019-02-04T23:22:00","modified_gmt":"2019-02-04T23:22:00","slug":"fedotri-reconoce-las-asociaciones-pedernales-barahona-bani-san-cristobal-rio-san-juan","status":"publish","type":"post","link":"https:\/\/colimdo.org\/noticias\/fedotri-reconoce-las-asociaciones-pedernales-barahona-bani-san-cristobal-rio-san-juan\/","title":{"rendered":"Fedotri reconoce a las asociaciones Pedernales, Barahona, Bani, San Crist\u00f3bal y Rio San Juan"},"content":{"rendered":"<p style=\"font-weight: 400;\">La Federaci\u00f3n Dominicana de Triatlon reconoci\u00f3 con voz y voto a las asociaciones de Pedernales, Barahona, Bani, San Crist\u00f3bal y Rio San Juan, durante su asamblea anual ordinaria, celebradas en las instalaciones del Centro Ol\u00edmpico Juan Pablo Duarte.<\/p>\n<p style=\"font-weight: 400;\">El acto fue encabezado por el profesor Franklin de la Cruz, presidente de la Fedotri y Antonio Acosta, primer vice presidente del Comit\u00e9 Ol\u00edmpico Dominicano.<\/p>\n<p style=\"font-weight: 400;\">En la misma se resalto el trabajo realizado por el nuevo comit\u00e9 ejecutivo en su primer a\u00f1o al frente de la misma, donde enumeraron las participaciones internacionales y los eventos nacionales\u00a0 celebrados en todo el pa\u00eds.<\/p>\n<p style=\"font-weight: 400;\">Texto integro expuesto en la asamblea<\/p>\n<p style=\"font-weight: 400;\">Con una visi\u00f3n de futuro el Triatl\u00f3n\u00a0 para la Rep\u00fablica Dominicana en la temporada 2018\u00a0 dio un giro de 360 Grados gracias a la gesti\u00f3n que viene desarrollando Franklin de la Cruz y el comit\u00e9 ejecutivo creando con bases solidas su estructura operacional, porque no son palabras son Hechos Palpables que as\u00ed lo demuestran.<\/p>\n<p style=\"font-weight: 400;\">Consciente de la necesidad de crear bases solidas en el triatl\u00f3n dominicano da inicio al programa nacional\u00a0 de desarrollo. El cual se enfoca en tres ejes principales: la captaci\u00f3n de nuevos talentos, formaci\u00f3n de nuevos entrenadores y de oficiales t\u00e9cnicos.<\/p>\n<p style=\"font-weight: 400;\">As\u00ed mismo se comenz\u00f3 la campa\u00f1a de la\u00a0 ampliaci\u00f3n del triatl\u00f3n, involucrando a las diferentes provincias del pa\u00eds de forma real, donde por condiciones favorables permit\u00eda el desarrollo oportuno del mismo. Tal es el caso de Barahona, Ci\u00e9naga de Barahona, pedernales, Bani, San Crist\u00f3bal, Santo Domingo Este, la Romana, Sabana de la Mar, Las Ca\u00f1itas, Samana, miches, Rio San Juan, Puerto Plata,\u00a0 con el \u00fanico objetivo masificar el desarrollo del deporte en el Pa\u00eds.<\/p>\n<p style=\"font-weight: 400;\">Para dar un sentido m\u00e1s amplio a esta actividad se inician los campamentos de desarrollo, los cuales han permitido la captaci\u00f3n de nuevos talentos, se realizaron dos el a\u00f1o pasado, el primero\u00a0 en el mes de Marzo con la participaci\u00f3n de 130 j\u00f3venes en edades comprendidas de 10 a 15 a\u00f1os, y el segundo, en Julio el cual\u00a0 fue m\u00e1s selectivo priorizando\u00a0 aquellos que evidenciaron mejores condiciones.<\/p>\n<p style=\"font-weight: 400;\">Pero la gesti\u00f3n va mas all\u00e1, porque con\u00a0 este\u00a0 recurso Humano, se hac\u00eda necesario\u00a0 la capacitaci\u00f3n del personal de trabajo, d\u00edgase : entrenadores , t\u00e9cnicos y la formaci\u00f3n de nuevos personal de apoyo.\u00a0 En el caso de los entrenadores esta preparaci\u00f3n\u00a0 comenz\u00f3 a nivel\u00a0 Regional.\u00a0 En el mes de Julio se inicio la primera capacitaci\u00f3n de entrenadores\u00a0 involucrando las diferentes provincias del pa\u00eds, Luego se realiza otra capacitaci\u00f3n\u00a0 de donde salieron 18 formadores para el curso de Entrenadores Nivel I de la ITU, el cual fue impartido en el mes de septiembre del 22 al 26\u00a0 por Claudia Beristain de M\u00e9xico y Rodrigo Milazzo de Brasil.<\/p>\n<p style=\"font-weight: 400;\">Este constituye uno de nuestros logros como federaci\u00f3n la capacitaci\u00f3n de 18 entrenadadores internacionales\u00a0 nivel 1 de triatl\u00f3n.<\/p>\n<p style=\"font-weight: 400;\">No conformes con esto en el mes de Agosto\u00a0 Se realizo una primera capacitaci\u00f3n para oficiales t\u00e9cnicos, la cual estuvo a Cargo del t\u00e9cnico ITU nivel II , Jimmy Araus de Ecuador , quien realiza adem\u00e1s\u00a0 en octubre\u00a0 otra capacitaci\u00f3n por complementar la capacitaci\u00f3n.<\/p>\n<p style=\"font-weight: 400;\">Esto\u00a0 Culmina con el curso para Oficiales t\u00e9cnicos nivel 1, impartido por el mexicano nivel III, F\u00e9lix Molina en noviembre logrando la certificaci\u00f3n de 30 oficiales t\u00e9cnicos nivel 1. Estos oficiales, como fase final del curso, participaron en la copa panamericana de triatl\u00f3n, realizada en el pa\u00eds, el 11 de noviembre del 2018.<\/p>\n<p style=\"font-weight: 400;\">Hoy por hoy, podemos decir con orgullo que\u00a0 la Federaci\u00f3n Dominicana de Triatl\u00f3n cuenta\u00a0 con 30 oficiales t\u00e9cnicos reales ,\u00a0 adem\u00e1s de\u00a0 15 oficiales t\u00e9cnicos nacionales\u00a0 en las diferentes regiones del Pa\u00eds tales como\u00a0 Barahona, pedernales, San Crist\u00f3bal , \u00a0Bani, Santo Domingo Este, la Romana , Sabana de la Mar , Miches, Samana , Rio San Juan , Puerto Plata ,\u00a0 Santiago, y aumentando la cartera de jueces del distrito nacional .<\/p>\n<p style=\"font-weight: 400;\">Con\u00a0 la\u00a0 certificaci\u00f3n internacional\u00a0 (ITU), de estos oficiales t\u00e9cnicos nivel 1 en nuestro pa\u00eds no solo tenemos el\u00a0 apoyo para los eventos Nacionales. Ahora podr\u00e1n hacerlo a nivel internacional.<\/p>\n<p style=\"font-weight: 400;\">Ya de por s\u00ed, comenzamos esta proyecci\u00f3n internacional de nuestros oficiales t\u00e9cnicos como es el caso de nuestra oficial t\u00e9cnico, y miembro del comit\u00e9 ejecutivo, Ana Elsa Santos, en los Juegos Centroamericanos y del Caribe en Barranquilla, Colombia y Eugenio Contreras, miembro de la Asociaci\u00f3n del Distrito, en la Copa Am\u00e9rica en\u00a0 Salinas en Ecuador.<\/p>\n<p style=\"font-weight: 400;\">As\u00ed mismo se consolido la Integraci\u00f3n de los clubes del distrito al programa de desarrollo, clubes como: TRI- orcas del Caribe, Tri-fenix, Casa Espa\u00f1a, Titanes, Arroyo Hondo, Tri- familiy-Kids y Mantarrayas.<\/p>\n","protected":false},"excerpt":{"rendered":"<p>La Federaci\u00f3n Dominicana de Triatlon reconoci\u00f3 con voz y voto a las asociaciones de Pedernales, Barahona, Bani, San Crist\u00f3bal y Rio San Juan, durante su asamblea anual ordinaria, celebradas en las instalaciones del Centro Ol\u00edmpico Juan Pablo Duarte. El acto fue encabezado por el profesor Franklin de la Cruz, presidente de la Fedotri y Antonio [&hellip;]<\/p>\n","protected":false},"author":9,"featured_media":48175,"comment_status":"closed","ping_status":"closed","sticky":false,"template":"","format":"standard","meta":[],"categories":[3,2,60],"tags":[],"acf":[],"_links":{"self":[{"href":"https:\/\/colimdo.org\/wp-api\/wp\/v2\/posts\/48174"}],"collection":[{"href":"https:\/\/colimdo.org\/wp-api\/wp\/v2\/posts"}],"about":[{"href":"https:\/\/colimdo.org\/wp-api\/wp\/v2\/types\/post"}],"author":[{"embeddable":true,"href":"https:\/\/colimdo.org\/wp-api\/wp\/v2\/users\/9"}],"replies":[{"embeddable":true,"href":"https:\/\/colimdo.org\/wp-api\/wp\/v2\/comments?post=48174"}],"version-history":[{"count":1,"href":"https:\/\/colimdo.org\/wp-api\/wp\/v2\/posts\/48174\/revisions"}],"predecessor-version":[{"id":48176,"href":"https:\/\/colimdo.org\/wp-api\/wp\/v2\/posts\/48174\/revisions\/48176"}],"wp:featuredmedia":[{"embeddable":true,"href":"https:\/\/colimdo.org\/wp-api\/wp\/v2\/media\/48175"}],"wp:attachment":[{"href":"https:\/\/colimdo.org\/wp-api\/wp\/v2\/media?parent=48174"}],"wp:term":[{"taxonomy":"category","embeddable":true,"href":"https:\/\/colimdo.org\/wp-api\/wp\/v2\/categories?post=48174"},{"taxonomy":"post_tag","embeddable":true,"href":"https:\/\/colimdo.org\/wp-api\/wp\/v2\/tags?post=48174"}],"curies":[{"name":"wp","href":"https:\/\/api.w.org\/{rel}","templated":true}]}}