{"id":48191,"date":"2019-02-05T03:14:15","date_gmt":"2019-02-05T03:14:15","guid":{"rendered":"https:\/\/colimdo.org\/?p=48191"},"modified":"2019-02-05T03:14:34","modified_gmt":"2019-02-05T03:14:34","slug":"diaz-dice-no-habra-problemas-fondos-juegos-panamericanos","status":"publish","type":"post","link":"https:\/\/colimdo.org\/noticias\/diaz-dice-no-habra-problemas-fondos-juegos-panamericanos\/","title":{"rendered":"D\u00edaz dice no habr\u00e1 problemas de fondos para Juegos Panamericanos"},"content":{"rendered":"<p><strong>SANTO DOMINGO. Jos\u00e9 Ram\u00edrez.<\/strong> Ante la preocupaci\u00f3n externada por la Federaci\u00f3n de Dominicana de B\u00e1dminton, sobre la distribuci\u00f3n del dinero destinado para los Juegos Panamericanos de Lima 2019, el cual no ha comenzado a circular, el ministro de Deportes\u00a0\u00a0Danilo D\u00edaz reiter\u00f3 el compromiso del ministerio que dirige con la erogaci\u00f3n a tiempo de los recursos para la preparaci\u00f3n plena de los atletas que representar\u00e1n o buscan su clasificaci\u00f3n para el evento continental.<\/p>\n<p>\u201cLa erogaci\u00f3n de los recursos para los Juegos Panamericanos va como tiene que ir, porque el presupuesto inici\u00f3 ahora. El mes de enero acaba de terminar y se hizo una programaci\u00f3n para eso\u201d, explic\u00f3 a la prensa el ministro D\u00edaz este lunes\u00a0\u00a0durante el informe realizado por la Comisi\u00f3n Normalizadora de Fedofutbol en el sal\u00f3n James Rodr\u00edguez del Ministerio de Deportes.<\/p>\n<p>D\u00edaz se\u00f1al\u00f3 que la inversi\u00f3n\u00a0\u00a0de 120 millones de pesos que realizar\u00e1 el Gobierno a trav\u00e9s del Ministerio de Deportes para los Juegos est\u00e1 destinada al bienestar de los atletas.<\/p>\n<p>\u201cTenemos concentrado la inversi\u00f3n\u00a0\u00a0del presupuesto del evento en los atletas, en la participaci\u00f3n de los deportistas\u201d, dijo D\u00edaz, quien se\u00f1al\u00f3 que no escatimar\u00e1n esfuerzos para que cada uno de los deportistas que representar\u00e1n al pa\u00eds lo hagan con el nivel que demanda la ocasi\u00f3n, y puso como ejemplo de esa inversi\u00f3n la realizada en los pasados Juegos Centroamericanos de Barranquilla.<\/p>\n<p>\u201cQuiero que sepan que para los Juegos Centroamericanos nosotros gastamos m\u00e1s de los 150 millones de pesos que se destinaron, cogimos de otras partidas para que nuestros muchachos fueran mejor preparados que nunca y ahora en lo que estamos es en eso\u201d, precis\u00f3 el funcionario.<\/p>\n<p>Seg\u00fan las palabras de D\u00edaz, la decisi\u00f3n de c\u00f3mo ser\u00e1n utilizados esos recursos, debe hacerse en conjunto entre el Ministerio de Deportes, el Comit\u00e9 Ol\u00edmpico y sus federaciones, como se ha venido haciendo en los \u00faltimos eventos de este tipo y no de manera unilateral.<\/p>\n<p>\u201cAhora hay que ponerse de acuerdo en c\u00f3mo es que vamos a gastarlo, es lo que tenemos que discutir, porque lo que ha cambiado aqu\u00ed, es que no es que se le entregue a la federaci\u00f3n para que lo ejecute, lo compartimos, centrados en que el atleta vaya lo mejor preparado, en primer lugar, a trav\u00e9s de fogueos y n\u00famero dos, conociendo a sus adversarios, de forma tal que vaya a competir con la confianza\u00a0\u00a0que requiere, que fue la clave de los resultados de los Juegos Centroamericanos, que no fueron casuales, sino resultado de que nos enfocamos juntos con las federaciones en ese trabajo\u201d, indic\u00f3 el Ministro, quien nuevamente resalt\u00f3 como un objetivo clave de la gesti\u00f3n del presidente Danilo Medina y de la suya propia al frente de la instituci\u00f3n estatal, la participaci\u00f3n dominicana en el certamen continental.<\/p>\n<p>\u201cPara nosotros los Juegos Panamericanos son uno de nuestros principales retos para este a\u00f1o, porque el deporte es marca pa\u00eds y nosotros no lo tomamos muy enserio, por lo que en ese sentido no va a haber problemas de fondos para que los atletas vayan como tienen que ir, preparados y en las mejores condiciones\u201d.<\/p>\n<p>La cita panamericana est\u00e1 pautada para iniciar el 26 de julio y culminar el 11 de agosto del a\u00f1o en curso, periodo para el cual seg\u00fan D\u00edaz estar\u00e1 listo y habr\u00e1 participado en los diferentes escenarios, tanto para su preparaci\u00f3n, como para lograr su clasificaci\u00f3n.<\/p>\n<p>\u201cEl pa\u00eds estar\u00e1 presente en cada proceso de clasificaci\u00f3n, porque queremos que vaya el mayor n\u00famero de atletas que tengan las condiciones de ir. Eso no est\u00e1 en riesgo y el dinero est\u00e1 ah\u00ed. El presupuesto empieza a ejecutarse desde ahora, porque los fondos se asignaron ahora y ahora es que van a empezar a llegar. Esos fondos tambi\u00e9n van a servir para que mejoren muchas de las condiciones en las que ellos entrenan y practican\u201d, concluy\u00f3 D\u00edaz.<\/p>\n","protected":false},"excerpt":{"rendered":"<p>El ministro de Deportes se\u00f1al\u00f3 este lunes que la inversi\u00f3n  de 120 millones de pesos est\u00e1 garantizada para la cita multideportiva.<\/p>\n","protected":false},"author":13,"featured_media":48192,"comment_status":"closed","ping_status":"closed","sticky":false,"template":"","format":"standard","meta":[],"categories":[2],"tags":[],"acf":[],"_links":{"self":[{"href":"https:\/\/colimdo.org\/wp-api\/wp\/v2\/posts\/48191"}],"collection":[{"href":"https:\/\/colimdo.org\/wp-api\/wp\/v2\/posts"}],"about":[{"href":"https:\/\/colimdo.org\/wp-api\/wp\/v2\/types\/post"}],"author":[{"embeddable":true,"href":"https:\/\/colimdo.org\/wp-api\/wp\/v2\/users\/13"}],"replies":[{"embeddable":true,"href":"https:\/\/colimdo.org\/wp-api\/wp\/v2\/comments?post=48191"}],"version-history":[{"count":1,"href":"https:\/\/colimdo.org\/wp-api\/wp\/v2\/posts\/48191\/revisions"}],"predecessor-version":[{"id":48193,"href":"https:\/\/colimdo.org\/wp-api\/wp\/v2\/posts\/48191\/revisions\/48193"}],"wp:featuredmedia":[{"embeddable":true,"href":"https:\/\/colimdo.org\/wp-api\/wp\/v2\/media\/48192"}],"wp:attachment":[{"href":"https:\/\/colimdo.org\/wp-api\/wp\/v2\/media?parent=48191"}],"wp:term":[{"taxonomy":"category","embeddable":true,"href":"https:\/\/colimdo.org\/wp-api\/wp\/v2\/categories?post=48191"},{"taxonomy":"post_tag","embeddable":true,"href":"https:\/\/colimdo.org\/wp-api\/wp\/v2\/tags?post=48191"}],"curies":[{"name":"wp","href":"https:\/\/api.w.org\/{rel}","templated":true}]}}