{"id":48203,"date":"2019-02-05T23:55:47","date_gmt":"2019-02-05T23:55:47","guid":{"rendered":"https:\/\/colimdo.org\/?p=48203"},"modified":"2019-02-06T00:03:18","modified_gmt":"2019-02-06T00:03:18","slug":"felix-sanchez-pasa-miembro-del-comite-ejecutivo-del-cod","status":"publish","type":"post","link":"https:\/\/colimdo.org\/noticias\/felix-sanchez-pasa-miembro-del-comite-ejecutivo-del-cod\/","title":{"rendered":"F\u00e9lix S\u00e1nchez pasa a ser miembro del Comit\u00e9 Ejecutivo del COD"},"content":{"rendered":"<p><strong>Santo Domingo<\/strong>.- El medallista ol\u00edmpico y mundial F\u00e9lix S\u00e1nchez pas\u00f3 a ser miembro del Comit\u00e9 Ejecutivo del Comit\u00e9 Ol\u00edmpico Dominicano, en cumplimiento de los estatutos de ese organismo, en calidad de invitado para representar a los atletas.<\/p>\n<p>Estar\u00e1 participando en las reuniones en calidad de invitado para representar a los atletas dominicanos en el seno de ese organismo.<\/p>\n<p>S\u00e1nchez se estren\u00f3 en la sesi\u00f3n de este martes, aunque s\u00f3lo con derecho a voz, hasta tanto sea ratificado por la asamblea de federaciones, cuando asumir\u00e1 como miembro pleno, tambi\u00e9n con derecho a voto, de acuerdo al art\u00edculo 16.4 de los estatutos del COD.<\/p>\n<p>\u201cEsto es algo que ha sostenido el Comit\u00e9 Ol\u00edmpico Internacional (COI) dentro de sus estatutos y nosotros tambi\u00e9n lo hemos establecido as\u00ed\u201d, explic\u00f3 el licenciado Luis Mej\u00eda Oviedo, presidente del COD.<\/p>\n<p>Una nota de la Oficina de Prensa del COD informa que posteriormente se escoger\u00e1 a una mujer ex atleta para completar los dos representantes como miembros del Comit\u00e9 Ejecutivo del COD.<\/p>\n<p>S\u00e1nchez, un ex atleta ganador de dos medallas de oro en Juegos Ol\u00edmpicos (Atenas 2014 y Londres 2012), en los 400 metros con vallas, particip\u00f3 en la sesi\u00f3n de este martes y fue bien recibido en la reuni\u00f3n al ser presentado por Mej\u00eda Oviedo.<\/p>\n<p>Tambi\u00e9n gan\u00f3 medalla de oro en el Campeonato Mundial de Atletismo celebrado en el a\u00f1o 2001, en Edmonton, Canad\u00e1 y tambi\u00e9n en 2003, en Par\u00eds, Francia.<\/p>\n<p>Adem\u00e1s, entreg\u00f3 una medalla de oro en los c\u00e9lebres Juegos Panamericanos de 2003, celebrados en esta capital.<\/p>\n","protected":false},"excerpt":{"rendered":"<p>El doble campe\u00f3n ol\u00edmpico es admitido en cumplimiento de los estatutos y estar\u00e1 en calidad de invitado en representaci\u00f3n de los atletas.<\/p>\n","protected":false},"author":13,"featured_media":48204,"comment_status":"closed","ping_status":"closed","sticky":false,"template":"","format":"standard","meta":[],"categories":[2,60],"tags":[],"acf":[],"_links":{"self":[{"href":"https:\/\/colimdo.org\/wp-api\/wp\/v2\/posts\/48203"}],"collection":[{"href":"https:\/\/colimdo.org\/wp-api\/wp\/v2\/posts"}],"about":[{"href":"https:\/\/colimdo.org\/wp-api\/wp\/v2\/types\/post"}],"author":[{"embeddable":true,"href":"https:\/\/colimdo.org\/wp-api\/wp\/v2\/users\/13"}],"replies":[{"embeddable":true,"href":"https:\/\/colimdo.org\/wp-api\/wp\/v2\/comments?post=48203"}],"version-history":[{"count":1,"href":"https:\/\/colimdo.org\/wp-api\/wp\/v2\/posts\/48203\/revisions"}],"predecessor-version":[{"id":48205,"href":"https:\/\/colimdo.org\/wp-api\/wp\/v2\/posts\/48203\/revisions\/48205"}],"wp:featuredmedia":[{"embeddable":true,"href":"https:\/\/colimdo.org\/wp-api\/wp\/v2\/media\/48204"}],"wp:attachment":[{"href":"https:\/\/colimdo.org\/wp-api\/wp\/v2\/media?parent=48203"}],"wp:term":[{"taxonomy":"category","embeddable":true,"href":"https:\/\/colimdo.org\/wp-api\/wp\/v2\/categories?post=48203"},{"taxonomy":"post_tag","embeddable":true,"href":"https:\/\/colimdo.org\/wp-api\/wp\/v2\/tags?post=48203"}],"curies":[{"name":"wp","href":"https:\/\/api.w.org\/{rel}","templated":true}]}}