{"id":48212,"date":"2019-02-05T21:49:00","date_gmt":"2019-02-05T21:49:00","guid":{"rendered":"https:\/\/colimdo.org\/?p=48212"},"modified":"2019-02-05T21:49:16","modified_gmt":"2019-02-05T21:49:16","slug":"listo-segundo-clasico-ciclismo-la-amistad-2019","status":"publish","type":"post","link":"https:\/\/colimdo.org\/noticias\/listo-segundo-clasico-ciclismo-la-amistad-2019\/","title":{"rendered":"Todo listo para el segundo Cl\u00e1sico de Ciclismo de la Amistad 2019"},"content":{"rendered":"<p><strong>SANTO DOMINGO<\/strong>.- Con el respaldo de grandes marcas y el aval de la Asociaci\u00f3n de Ciclismo del Distrito Nacional y la Federaci\u00f3n Dominicana de Ciclismo (FEDOCI), Producciones Fiera present\u00f3 este martes la segunda versi\u00f3n del segundo Cl\u00e1sico de la Amistad 2019, en rueda de prensa celebrada en el Comit\u00e9 Ol\u00edmpico Dominicano (COD).<\/p>\n<p>La justa tendr\u00e1 el soporte de la C\u00e1mara de Diputados, Ministerio de Deportes, Presidencia de la Rep\u00fablica, Bakertilly Internacional, Grupo Viamar, Ministerio de Educaci\u00f3n, Premovil, Molinos Modernos, Quiereme Como Soy, entre otros.<\/p>\n<p>\u201cEste evento es un apoyo que realizamos de manera honorifica a la juventud dominicana\u201d, resalt\u00f3 Emilio Valdez, \u201cEl Caballito\u201d, director general de la justa, que tambi\u00e9n agreg\u00f3 a el Club Mauricio B\u00e1ez, el COD, Intrant y Comedores Econ\u00f3micos, como socios patrocinadores.<\/p>\n<p>El Cl\u00e1sico, es un evento invitacional, abierto a la participaci\u00f3n nacional e internacional, el cual se correr\u00e1 en esta segunda edici\u00f3n a t\u00edtulo individual.<\/p>\n<p>La sede social del segundo Cl\u00e1sico de la Amistad, ser\u00e1 la ciudad de santo domingo espec\u00edficamente en el Distrito Nacional. La fecha asignada para este a\u00f1o, ser\u00e1 el domingo 10 de febrero del 2019 y la hora de salida ser\u00e1 a las 9:30 AM.<\/p>\n<p>Los participantes deber\u00e1n ser portadores de la licencia de la Uni\u00f3n Cicl\u00edstica Internacional (UCI) correspondiente al a\u00f1o calendario y la organizaci\u00f3n, de com\u00fan acuerdo con la FEDOCI y el colegio de comisario se reserva el derecho de autorizar a una categor\u00eda o corredor que vaya a participar por primera vez.<\/p>\n<p>El segundo Cl\u00e1sico de la Amistad ser\u00e1 fiscalizado por el Colegio Dominicano de Comisarios.<\/p>\n<p>Las categor\u00edas actuantes en esta edici\u00f3n ser\u00e1n:<\/p>\n<p>Elite, Juvenil, Master A, Master B, Master C y Femenina<\/p>\n<p>Cabe mencionar que el recorrido de este a\u00f1o ser\u00e1 en circuito en la avenida Quinto Centenario del sector de Villa Juana. El punto de meta y salida ser\u00e1 en la misma avenida del Quinto Centenario.<\/p>\n<p>La comunicadora Sussy Jim\u00e9nez, quien es la presidente del Comit\u00e9 Organizador anunci\u00f3 que es obligatorio el uso del casco protector y la bicicleta en buen estado en la justa.<\/p>\n<p>Agreg\u00f3 que \u201cest\u00e1 prohibido los insulto e injurias entre los corredores y autoridades de la carrera, as\u00ed como organizar motines\u201d.<\/p>\n<p>Por su parte, Genaro Mercedes, director t\u00e9cnico de la justa, observ\u00f3 que \u201caunque el evento es individual, la inscripci\u00f3n podr\u00e1 ser por equipo y el mismo nombrar\u00e1 su delegado el cual presentara sus reclamaciones por ante el Colegio de Comisarios.<\/p>\n<p>Mencion\u00f3 en rueda de prensa que la circulaci\u00f3n de veh\u00edculos ajenos a la organizaci\u00f3n est\u00e1 prohibida en el circuito, solo podr\u00e1n circular los veh\u00edculos del organizador, comisarios, ambulancia, prensa y seguridad del evento.<\/p>\n<p>Resalt\u00f3 que el evento se regir\u00e1 por los reglamentos de la FEDOCI y UCI<\/p>\n<p>A la rueda de prensa se dio cita el presidente y secretario general, Lu\u00eds Mej\u00eda Oviedo y Gilberto Garcia, respectivamente; adem\u00e1s de Rafael Uribe, Edwin Rodr\u00edguez y Geraldo Suero Correo, todos miembros del COD.<\/p>\n<p><strong>Datos del evento<\/strong><\/p>\n<p><strong>La distancia a recorrer por categor\u00edas:<\/strong><\/p>\n<p>Categor\u00eda Elite \u00a0\u00a0\u00a0\u00a0\u00a0\u00a0\u00a0\u00a0\u00a0\u00a0\u00a0\u00a0\u00a0\u00a0\u00a0\u00a0\u00a0\u00a0\u00a0\u00a0\u00a0\u00a0\u00a0\u00a0\u00a0\u00a0\u00a0\u00a0\u00a0\u00a0\u00a0 22 vueltas =\u00a0 99 kms<\/p>\n<p>Categor\u00eda juvenil \u00a0\u00a0\u00a0\u00a0\u00a0\u00a0\u00a0\u00a0\u00a0\u00a0\u00a0\u00a0\u00a0\u00a0\u00a0\u00a0\u00a0\u00a0\u00a0\u00a0\u00a0\u00a0\u00a0\u00a0\u00a0\u00a0\u00a0 13 vueltas= \u00a0\u00a058.5 kms<\/p>\n<p>Master A \u00a0\u00a0\u00a0\u00a0\u00a0\u00a0\u00a0\u00a0\u00a0\u00a0\u00a0\u00a0 \u00a0\u00a0\u00a0\u00a0\u00a0\u00a0\u00a0\u00a0\u00a0\u00a0\u00a0\u00a0\u00a0\u00a0\u00a0\u00a0\u00a0\u00a0\u00a0\u00a0\u00a0\u00a0\u00a0\u00a0\u00a0\u00a0\u00a0\u00a0\u00a0 16 vueltas = \u00a072 kms<\/p>\n<p>Master B\u00a0\u00a0\u00a0\u00a0\u00a0\u00a0\u00a0\u00a0\u00a0\u00a0\u00a0\u00a0\u00a0 \u00a0\u00a0\u00a0\u00a0\u00a0\u00a0\u00a0\u00a0\u00a0\u00a0\u00a0\u00a0\u00a0\u00a0 \u00a0\u00a0\u00a0\u00a0\u00a0\u00a0\u00a0\u00a0\u00a0\u00a0\u00a0\u00a0\u00a0\u00a0 15 vueltas = \u00a066.5 kms<\/p>\n<p>Master C\u00a0\u00a0\u00a0\u00a0\u00a0\u00a0\u00a0\u00a0\u00a0\u00a0\u00a0\u00a0\u00a0 \u00a0\u00a0\u00a0\u00a0\u00a0\u00a0\u00a0\u00a0\u00a0\u00a0\u00a0\u00a0\u00a0\u00a0 \u00a0\u00a0\u00a0\u00a0\u00a0\u00a0\u00a0\u00a0\u00a0\u00a0\u00a0\u00a0\u00a0\u00a0 13 Vueltas = 58.5 Kms.<\/p>\n<p>Femenina\u00a0\u00a0\u00a0\u00a0\u00a0\u00a0\u00a0\u00a0\u00a0\u00a0\u00a0 \u00a0\u00a0\u00a0\u00a0\u00a0\u00a0\u00a0\u00a0\u00a0\u00a0\u00a0\u00a0\u00a0\u00a0\u00a0\u00a0\u00a0\u00a0\u00a0\u00a0\u00a0\u00a0\u00a0\u00a0\u00a0\u00a0\u00a0\u00a0\u00a0 10 Vueltas = 45 Kms.<\/p>\n<p>P<strong>remiaci\u00f3n en trofeos:<\/strong> para los tres primeros lugares de cada Categor\u00eda.<\/p>\n<p>Premiaci\u00f3n en met\u00e1lico (Dinero):<\/p>\n<p>A) Categor\u00eda Elite:<\/p>\n<p>1er. lugar\u00a0\u00a0\u00a0\u00a0 RD$15,000.00<\/p>\n<p>2do. lugar\u00a0\u00a0\u00a0\u00a0 RD$10,000.00<\/p>\n<p>3er. lugar\u00a0\u00a0\u00a0\u00a0 RD$7,000.00<\/p>\n<p>4to. lugar\u00a0\u00a0\u00a0\u00a0 RD$4,000.00<\/p>\n<p>5to. lugar\u00a0\u00a0\u00a0 \u00a0RD$2,000.00<\/p>\n<p>6to. lugar\u00a0\u00a0\u00a0\u00a0 RD$1,000.00<\/p>\n<p><strong>C) Categor\u00eda Juvenil:<\/strong><\/p>\n<p>1er. lugar\u00a0\u00a0\u00a0 \u00a0\u00a0RD$5,000.00<\/p>\n<p>2do. lugar\u00a0\u00a0\u00a0\u00a0 RD$4,000.00<\/p>\n<p>3er. lugar\u00a0\u00a0\u00a0 \u00a0\u00a0RD$3,000.00<\/p>\n<p>4to. lugar\u00a0\u00a0\u00a0 \u00a0\u00a0RD$2,000.00<\/p>\n<p>5to. lugar\u00a0\u00a0\u00a0 \u00a0\u00a0RD$ 1,000.00<\/p>\n<p><strong>C) Categor\u00eda M\u00e1ster A:<\/strong><\/p>\n<p>1er. lugar\u00a0\u00a0\u00a0\u00a0 \u00a0RD$5,000.00<\/p>\n<p>2do. lugar\u00a0\u00a0\u00a0\u00a0 RD$4,000.00<\/p>\n<p>3er. lugar\u00a0\u00a0\u00a0\u00a0\u00a0 RD$3,000.00<\/p>\n<p>4to. lugar\u00a0\u00a0\u00a0\u00a0\u00a0 RD$2,000.00<\/p>\n<p>5to. lugar\u00a0\u00a0\u00a0\u00a0\u00a0 RD$ 1,000.00<\/p>\n<p><strong>C) Categor\u00eda M\u00e1ster B:<\/strong><\/p>\n<p>1er. lugar\u00a0\u00a0\u00a0\u00a0\u00a0 RD$5,000.00<\/p>\n<p>2do. lugar\u00a0\u00a0\u00a0\u00a0 RD$4,000.00<\/p>\n<p>3er. lugar\u00a0\u00a0\u00a0\u00a0\u00a0 RD$3,000.00<\/p>\n<p>4to. lugar\u00a0\u00a0\u00a0\u00a0\u00a0 RD$2,000.00<\/p>\n<p>5to. lugar\u00a0\u00a0\u00a0\u00a0\u00a0 RD$ 1,000.00<\/p>\n<p><strong>D) Categor\u00eda M\u00e1ster C:<\/strong><\/p>\n<p>1er. lugar\u00a0\u00a0\u00a0\u00a0\u00a0 RD$5,000.00<\/p>\n<p>2do. lugar\u00a0\u00a0\u00a0\u00a0 RD$4,000.00<\/p>\n<p>3er. lugar\u00a0\u00a0\u00a0\u00a0\u00a0 RD$3,000.00<\/p>\n<p>4to. lugar\u00a0\u00a0\u00a0\u00a0\u00a0 RD$2,000.00<\/p>\n<p>5to. lugar\u00a0\u00a0\u00a0\u00a0\u00a0 RD$ 1,000.00<\/p>\n<p><strong>E) Categor\u00eda: Femenina:<\/strong><\/p>\n<p>1er. lugar\u00a0\u00a0\u00a0\u00a0\u00a0 RD$5,000.00<\/p>\n<p>2do. lugar\u00a0\u00a0\u00a0\u00a0 RD$4,000.00<\/p>\n<p>3er. lugar\u00a0\u00a0\u00a0\u00a0\u00a0 RD$3,000.00<\/p>\n<p>4to. lugar\u00a0\u00a0\u00a0\u00a0\u00a0 RD$2,000.00<\/p>\n<p>5to. lugar\u00a0\u00a0\u00a0\u00a0\u00a0 RD$ 1,000.00<\/p>\n","protected":false},"excerpt":{"rendered":"<p>El evento tendr\u00e1 a 300 ciclistas nacional e internacional y se llevar\u00e1 a cabo este domingo en el Expreso V Centenario en varias categor\u00edas.<\/p>\n","protected":false},"author":13,"featured_media":48213,"comment_status":"closed","ping_status":"closed","sticky":false,"template":"","format":"standard","meta":[],"categories":[2],"tags":[],"acf":[],"_links":{"self":[{"href":"https:\/\/colimdo.org\/wp-api\/wp\/v2\/posts\/48212"}],"collection":[{"href":"https:\/\/colimdo.org\/wp-api\/wp\/v2\/posts"}],"about":[{"href":"https:\/\/colimdo.org\/wp-api\/wp\/v2\/types\/post"}],"author":[{"embeddable":true,"href":"https:\/\/colimdo.org\/wp-api\/wp\/v2\/users\/13"}],"replies":[{"embeddable":true,"href":"https:\/\/colimdo.org\/wp-api\/wp\/v2\/comments?post=48212"}],"version-history":[{"count":1,"href":"https:\/\/colimdo.org\/wp-api\/wp\/v2\/posts\/48212\/revisions"}],"predecessor-version":[{"id":48214,"href":"https:\/\/colimdo.org\/wp-api\/wp\/v2\/posts\/48212\/revisions\/48214"}],"wp:featuredmedia":[{"embeddable":true,"href":"https:\/\/colimdo.org\/wp-api\/wp\/v2\/media\/48213"}],"wp:attachment":[{"href":"https:\/\/colimdo.org\/wp-api\/wp\/v2\/media?parent=48212"}],"wp:term":[{"taxonomy":"category","embeddable":true,"href":"https:\/\/colimdo.org\/wp-api\/wp\/v2\/categories?post=48212"},{"taxonomy":"post_tag","embeddable":true,"href":"https:\/\/colimdo.org\/wp-api\/wp\/v2\/tags?post=48212"}],"curies":[{"name":"wp","href":"https:\/\/api.w.org\/{rel}","templated":true}]}}