{"id":48220,"date":"2019-02-05T23:17:55","date_gmt":"2019-02-05T23:17:55","guid":{"rendered":"https:\/\/colimdo.org\/?p=48220"},"modified":"2019-02-05T23:17:55","modified_gmt":"2019-02-05T23:17:55","slug":"messi-convocacado-enfrentar-al-madrid","status":"publish","type":"post","link":"https:\/\/colimdo.org\/noticias\/messi-convocacado-enfrentar-al-madrid\/","title":{"rendered":"Messi es convocacado para enfrentar al Madrid"},"content":{"rendered":"<p>BARCELONA (ESPN) &#8212; Barcelona y Real Madrid abrir\u00e1n la semifinal de la Copa del Rey en un partido marcado especialmente por Leo Messi.\u00a0El capit\u00e1n azulgrana, lastimado en el muslo durante el choque liguero frente al Valencia y que no entren\u00f3 el lunes, se ejercit\u00f3 con aparente normalidad este martes y fue incluido por Valverde en una lista con 19 convocados\u2026 Aunque no ser\u00e1 hasta horas antes del encuentro que se conocer\u00e1 su presencia o no en el Cl\u00e1sico.<\/p>\n<p>Si Messi, a la espera de decidirse a \u00faltima hora su alineaci\u00f3n, fue la buena noticia, aparente, en el Camp Nou, la mala la protagoniz\u00f3 Demb\u00e9l\u00e9, quien a pesar de haber entrenado ya el lunes fue descartado por el t\u00e9cnico al no recibir el alta m\u00e9dica.<\/p>\n<p>Puestos frente a frente los dos gigantes del f\u00fatbol espa\u00f1ol se olvidaron las reservas. Ni que se trate del tercer torneo en orden de importancia motiv\u00f3 que los dos entrenadores apartasen del plano a sus figuras y conscientes del poder medi\u00e1tico y moral que rodea al Cl\u00e1sico llamaron a filas a sus mejores hombres.<\/p>\n<p>El t\u00e9cnico azulgrana no despej\u00f3 ninguna duda en la sala de prensa y asegurando que con o sin Messi el Bar\u00e7a no cambiar\u00e1 de personalidad: \u201cNormalmente jugamos de manera parecida: saldremos a ganar, dominar el juego y marcar goles\u201d. Claro en su discurso\u2026 Por m\u00e1s que no es un secreto el ascendente del argentino,\u00a0especialmente motivado en unos duelos a los que no suele faltar.<\/p>\n<p>Messi jugar\u00e1, o no, \u201cdependiendo de c\u00f3mo le veamos en el entrenamiento\u201d seg\u00fan convino Valverde, quien admitiendo ser poco partidario \u201cde tomar riesgos cuando tienes muchos partidos por delante\u201d, solvent\u00f3 a su manera que ser\u00e1 el propio capit\u00e1n quien acabe por decidir.<\/p>\n<p><strong>PRESI\u00d3N Y RESPETO<\/strong><\/p>\n<p>Frente a un Madrid mejorado, un Bar\u00e7a que transmite la sensaci\u00f3n de haber recuperado el \u00e1nimo tras el empate frente al Valencia buscar\u00e1 dar un golpe de efecto apoyado por un Camp Nou que se espera lleno y con un ambiente encendido.<\/p>\n<p>Si el Real busca reivindicarse en el mejor escenario posible y enterrar la humillaci\u00f3n sufrida en la Liga, el Bar\u00e7a, m\u00e1s all\u00e1 de su estrella, pretende mantener en el plano su superioridad en el f\u00fatbol espa\u00f1ol que se ha repetido en los \u00faltimos a\u00f1os.<\/p>\n<p>El recuerdo del 5-1 pesa tanto en el vestuario merengue como se toma con cautela desde el azulgrana,\u00a0convencidos como est\u00e1n los protagonistas de enfrentar a un duelo que no decidir\u00e1 el ganador hasta la cita del Bernab\u00e9u, al que se quiere llegar con las mejores sensaciones y, m\u00e1s a\u00fan, teniendo en cuenta que tres d\u00edas despu\u00e9s de ese encuentro de vuelta\u2026 Volver\u00e1n a cruzarse en el mismo escenario en un partido de Liga que puede ser, casi, definitivo en la carrera por el t\u00edtulo liguero.<\/p>\n<p>Antes, sin embargo, buscar\u00e1n ambos su pase a la final, la que ser\u00eda sexta consecutiva para el Bar\u00e7a y primera en cinco a\u00f1os para el Madrid, que se cruzaron por \u00faltima vez en el cierre de 2014, definido a favor de los merengues con un golazo de Bale, y que protagonizaron en 2013 su \u00faltimo enfrentamiento copero a doble partido, decidido tambi\u00e9n a favor del Real.<\/p>\n<p>Desde entonces, febrero de 2013, no es eliminado el Bar\u00e7a en este torneo del que se ha convertido en el aut\u00e9ntico Rey,\u00a0acumulando 23 eliminatorias superadas, con solo 4 derrotas en 46 partidos antes de esta cita, catapultada al plano en un momento que Valverde consider\u00f3 la entrada \u201cal tramo decisivo de la temporada\u201d.<\/p>\n<p>Pendiente todo el universo futbol\u00edstico del Camp Nou, el Cl\u00e1sico que abre la semifinal de la Copa del Rey est\u00e1 a la espera de su protagonista estelar. Habr\u00e1 que ver si Messi est\u00e1 de partida, en el banquillo\u2026 o se queda en la grada. Una posibilidad que consider\u00e1ndose poco factible no habr\u00eda que descartar completamente.<\/p>\n","protected":false},"excerpt":{"rendered":"<p>Si Messi, a la espera de decidirse a \u00faltima hora su alineaci\u00f3n, fue la buena noticia, aparente, en el Camp Nou, la mala la protagoniz\u00f3 Demb\u00e9l\u00e9, quien a pesar de haber entrenado ya el lunes fue descartado por el t\u00e9cnico al no recibir el alta m\u00e9dica.<\/p>\n","protected":false},"author":16,"featured_media":48221,"comment_status":"closed","ping_status":"closed","sticky":false,"template":"","format":"standard","meta":[],"categories":[2,60],"tags":[],"acf":[],"_links":{"self":[{"href":"https:\/\/colimdo.org\/wp-api\/wp\/v2\/posts\/48220"}],"collection":[{"href":"https:\/\/colimdo.org\/wp-api\/wp\/v2\/posts"}],"about":[{"href":"https:\/\/colimdo.org\/wp-api\/wp\/v2\/types\/post"}],"author":[{"embeddable":true,"href":"https:\/\/colimdo.org\/wp-api\/wp\/v2\/users\/16"}],"replies":[{"embeddable":true,"href":"https:\/\/colimdo.org\/wp-api\/wp\/v2\/comments?post=48220"}],"version-history":[{"count":1,"href":"https:\/\/colimdo.org\/wp-api\/wp\/v2\/posts\/48220\/revisions"}],"predecessor-version":[{"id":48222,"href":"https:\/\/colimdo.org\/wp-api\/wp\/v2\/posts\/48220\/revisions\/48222"}],"wp:featuredmedia":[{"embeddable":true,"href":"https:\/\/colimdo.org\/wp-api\/wp\/v2\/media\/48221"}],"wp:attachment":[{"href":"https:\/\/colimdo.org\/wp-api\/wp\/v2\/media?parent=48220"}],"wp:term":[{"taxonomy":"category","embeddable":true,"href":"https:\/\/colimdo.org\/wp-api\/wp\/v2\/categories?post=48220"},{"taxonomy":"post_tag","embeddable":true,"href":"https:\/\/colimdo.org\/wp-api\/wp\/v2\/tags?post=48220"}],"curies":[{"name":"wp","href":"https:\/\/api.w.org\/{rel}","templated":true}]}}