{"id":48224,"date":"2019-02-05T23:29:53","date_gmt":"2019-02-05T23:29:53","guid":{"rendered":"https:\/\/colimdo.org\/?p=48224"},"modified":"2019-02-05T23:29:53","modified_gmt":"2019-02-05T23:29:53","slug":"angel-ovalles-nuevo-gerente-general-las-aguilas","status":"publish","type":"post","link":"https:\/\/colimdo.org\/noticias\/angel-ovalles-nuevo-gerente-general-las-aguilas\/","title":{"rendered":"\u00c1ngel Ovalles es el nuevo gerente general de las \u00c1guilas"},"content":{"rendered":"<p>El consejo directivo de las \u00c1guilas Cibae\u00f1as present\u00f3 esta tarde a \u00c1ngel Ovalles como su nuevo gerente general.<\/p>\n<p>El anuncio se hizo durante conferencia de prensa en el estadio Cibao.<\/p>\n<p>Ovalles toma las funciones que por tres a\u00f1os desempe\u00f1\u00f3 Manny Acta, per\u00edodo durante el cual las \u00c1guilas fueron a dos finales y ganaron una corona por vez primera en diez a\u00f1os.<\/p>\n<p>Ovalles tiene 7 a\u00f1os en el grupo de operaciones de b\u00e9isbol de las \u00c1guilas.<\/p>\n<p>Trabaja como jefe de scouts para los Cardenales de San Luis en Rep\u00fablica Dominicana.<\/p>\n<p><strong>LIST\u00cdN DIARIO<\/strong><\/p>\n","protected":false},"excerpt":{"rendered":"<p>El consejo directivo de las \u00c1guilas Cibae\u00f1as present\u00f3 esta tarde a \u00c1ngel Ovalles como su nuevo gerente general. El anuncio se hizo durante conferencia de prensa en el estadio Cibao. Ovalles toma las funciones que por tres a\u00f1os desempe\u00f1\u00f3 Manny Acta, per\u00edodo durante el cual las \u00c1guilas fueron a dos finales y ganaron una corona [&hellip;]<\/p>\n","protected":false},"author":9,"featured_media":48225,"comment_status":"closed","ping_status":"closed","sticky":false,"template":"","format":"standard","meta":[],"categories":[2,60],"tags":[],"acf":[],"_links":{"self":[{"href":"https:\/\/colimdo.org\/wp-api\/wp\/v2\/posts\/48224"}],"collection":[{"href":"https:\/\/colimdo.org\/wp-api\/wp\/v2\/posts"}],"about":[{"href":"https:\/\/colimdo.org\/wp-api\/wp\/v2\/types\/post"}],"author":[{"embeddable":true,"href":"https:\/\/colimdo.org\/wp-api\/wp\/v2\/users\/9"}],"replies":[{"embeddable":true,"href":"https:\/\/colimdo.org\/wp-api\/wp\/v2\/comments?post=48224"}],"version-history":[{"count":1,"href":"https:\/\/colimdo.org\/wp-api\/wp\/v2\/posts\/48224\/revisions"}],"predecessor-version":[{"id":48226,"href":"https:\/\/colimdo.org\/wp-api\/wp\/v2\/posts\/48224\/revisions\/48226"}],"wp:featuredmedia":[{"embeddable":true,"href":"https:\/\/colimdo.org\/wp-api\/wp\/v2\/media\/48225"}],"wp:attachment":[{"href":"https:\/\/colimdo.org\/wp-api\/wp\/v2\/media?parent=48224"}],"wp:term":[{"taxonomy":"category","embeddable":true,"href":"https:\/\/colimdo.org\/wp-api\/wp\/v2\/categories?post=48224"},{"taxonomy":"post_tag","embeddable":true,"href":"https:\/\/colimdo.org\/wp-api\/wp\/v2\/tags?post=48224"}],"curies":[{"name":"wp","href":"https:\/\/api.w.org\/{rel}","templated":true}]}}