{"id":48231,"date":"2019-02-05T23:34:17","date_gmt":"2019-02-05T23:34:17","guid":{"rendered":"https:\/\/colimdo.org\/?p=48231"},"modified":"2019-02-05T23:34:17","modified_gmt":"2019-02-05T23:34:17","slug":"nestor-cortes-este-picheo-dominicana-especial","status":"publish","type":"post","link":"https:\/\/colimdo.org\/noticias\/nestor-cortes-este-picheo-dominicana-especial\/","title":{"rendered":"N\u00e9stor Cort\u00e9s: \u201cEste picheo de Dominicana es especial\u201d"},"content":{"rendered":"<p>Lidom. Nestor Cort\u00e9s, el abridor ganador de las Estrellas Orientales de la Rep\u00fablica Dominicana, alab\u00f3 el picheo de relevo del conjunto criollo que este lunes obtuvo su primer triunfo en la Serie del Caribe frente a los Cangrejeros de Santurce.<\/p>\n<p>Cort\u00e9s, quien tuvo una actuaci\u00f3n de cinco entradas de una carrera, producto de un imaprable, qued\u00f3 impresionado con la labor de los relevistas Jenrry Mej\u00eda, Rom\u00e1n M\u00e9ndez y Jos\u00e9 Rafael D\u00edaz, quienes no permitieron indiscutibles al conjunto de Puerto Rico.<\/p>\n<p>\u201cEste picheo de Dominicana es algo especial\u201d, sostuvo Cort\u00e9s tras el encuentro de este lunes. \u201cCreo que nosotros tenemos todas las piezas necesarias para obtener el campeonato\u201d.<\/p>\n<p>El zurdo se not\u00f3 algo descontrolado en la cuarta entrada, algo que atribuy\u00f3 a los tantos d\u00edas sin lanzar. \u201cGracias a Dios me recuper\u00e9 en el quinto episodio y pude completar la entrada\u201d, expres\u00f3.<\/p>\n<p>Cort\u00e9s tambi\u00e9n se refiri\u00f3 al posibilidad de enfrentar al combinado cubano (pa\u00eds de origen) durante la gran final de la Serie del Caribe.<br \/>\n\u201cSi hay que enfrentarnos a mi naci\u00f3n, lo hago\u201d, dijo. \u201cDentro de las l\u00edneas de cal no hay amigos. Ser\u00e1 muy dif\u00edcil pero tendr\u00e9 que hacerlo si se presenta la oportunidad\u201d.<\/p>\n","protected":false},"excerpt":{"rendered":"<p>Cort\u00e9s gan\u00f3 el primer encuentro para las Estrellas Orientales en la Serie del Caribe ante Santurce de Puerto Rico.<\/p>\n","protected":false},"author":16,"featured_media":48235,"comment_status":"closed","ping_status":"closed","sticky":false,"template":"","format":"standard","meta":[],"categories":[2,60],"tags":[],"acf":[],"_links":{"self":[{"href":"https:\/\/colimdo.org\/wp-api\/wp\/v2\/posts\/48231"}],"collection":[{"href":"https:\/\/colimdo.org\/wp-api\/wp\/v2\/posts"}],"about":[{"href":"https:\/\/colimdo.org\/wp-api\/wp\/v2\/types\/post"}],"author":[{"embeddable":true,"href":"https:\/\/colimdo.org\/wp-api\/wp\/v2\/users\/16"}],"replies":[{"embeddable":true,"href":"https:\/\/colimdo.org\/wp-api\/wp\/v2\/comments?post=48231"}],"version-history":[{"count":1,"href":"https:\/\/colimdo.org\/wp-api\/wp\/v2\/posts\/48231\/revisions"}],"predecessor-version":[{"id":48236,"href":"https:\/\/colimdo.org\/wp-api\/wp\/v2\/posts\/48231\/revisions\/48236"}],"wp:featuredmedia":[{"embeddable":true,"href":"https:\/\/colimdo.org\/wp-api\/wp\/v2\/media\/48235"}],"wp:attachment":[{"href":"https:\/\/colimdo.org\/wp-api\/wp\/v2\/media?parent=48231"}],"wp:term":[{"taxonomy":"category","embeddable":true,"href":"https:\/\/colimdo.org\/wp-api\/wp\/v2\/categories?post=48231"},{"taxonomy":"post_tag","embeddable":true,"href":"https:\/\/colimdo.org\/wp-api\/wp\/v2\/tags?post=48231"}],"curies":[{"name":"wp","href":"https:\/\/api.w.org\/{rel}","templated":true}]}}