{"id":48239,"date":"2019-02-05T23:38:07","date_gmt":"2019-02-05T23:38:07","guid":{"rendered":"https:\/\/colimdo.org\/?p=48239"},"modified":"2019-02-05T23:38:07","modified_gmt":"2019-02-05T23:38:07","slug":"miderec-conani-firman-convenio-cooperacion","status":"publish","type":"post","link":"https:\/\/colimdo.org\/noticias\/miderec-conani-firman-convenio-cooperacion\/","title":{"rendered":"Miderec y Conani firman convenio de cooperaci\u00f3n"},"content":{"rendered":"<p>SANTO DOMINGO.- El ministro de Deportes y Recreaci\u00f3n (Miderec), Danilo D\u00edaz, y la presidente ejecutiva del Consejo Nacional para la Ni\u00f1ez y la Adolescencia (Conani), Kenia Lora Abreu, firmaron un convenio de cooperaci\u00f3n interinstitucional mediante el cual buscan desplegar sus mejores esfuerzos para beneficio de este \u00faltimo sector de la sociedad en todo el territorio nacional, a trav\u00e9s de diferentes acciones que fortalezcan ambas instituciones.<\/p>\n<p>El acuerdo fue rubricado este martes 5 de febrero durante una rueda de prensa realizada en el sal\u00f3n James Rodr\u00edguez del Ministerio de Deportes, donde ambos incumbentes ponderaron el alcance del mismo, que en principio prev\u00e9 dos a\u00f1os de duraci\u00f3n y entra en vigencia una vez firmado.<\/p>\n<p>El ministro D\u00edaz manifest\u00f3 que \u201cestamos comprometidos con Conani y su poblaci\u00f3n en impulsar un derecho sagrado y constitucional como lo es el deporte, en todas sus manifestaciones y edades, como lo quiere el se\u00f1or presidente Danilo D\u00edaz S\u00e1nchez, quien encabeza el Gobierno m\u00e1s inclusivo en la historia dominicana, con todas las instituciones teniendo prioridad en el deporte\u201d.<\/p>\n<p>\u201cEl \u00e9xito de mi gesti\u00f3n en el Ministerio de Deportes est\u00e1 en involucrar a toda la estructura gubernamental en el impulso de las actividades deportivas, bas\u00e1ndonos en al Pacto Nacional del Deportes\u201d, apunt\u00f3 D\u00edaz.<\/p>\n<p>\u201cEl deporte es un derecho fundamental, y hoy (este martes) cumplimos con eje transversal de nuestra pol\u00edtica, y por ende del presidente Medina S\u00e1nchez, que aplicaremos en este acuerdo con Conani, que protegen y cuidan la ni\u00f1ez y de la adolescencia\u201d, enfatiz\u00f3.<\/p>\n<p>Y agreg\u00f3 que \u201cel deporte llevar\u00e1 a esos ni\u00f1os y j\u00f3venes a aplicar reglas de la vida en su crecimiento y formaci\u00f3n como persona, y desarrollo de sus cualidades\u201d.<\/p>\n<p>\u201cEl deporte es un aliado de la formaci\u00f3n educativa del individuo\u201d, exclam\u00f3 D\u00edaz.<\/p>\n<p>De su lado, Lora Abreu expres\u00f3 que \u201choy es un d\u00eda de esperanza para la ni\u00f1ez y la juventud dominicana. Esta firma del acuerdo es la culminaci\u00f3n de un arduo proceso y esfuerzo que ya ven\u00edamos consensuando entre Conani y Miderec\u201d.<\/p>\n<p>\u201cEsto es el fortalecimiento de un trabajo con los ni\u00f1os, ni\u00f1as y adolescentes de la mano del deporte y del apoyo decidido del ministro Danilo D\u00edaz\u201d, sostuvo.<\/p>\n<p>\u201cComo ente rector del Sistema Nacional de Protecci\u00f3n, en Conani tenemos un deber de velar por los derechos fundamentales de la ni\u00f1ez y de la adolescencia, dentro de las cuales debemos garantizar una vida integral ligada a la recreaci\u00f3n para dotarlo como parte trascendental de valores y principios\u201d, se\u00f1al\u00f3 Lora Abreu.<\/p>\n<p>Resalt\u00f3 que \u201cMiderec tendr\u00e1 todo el apoyo de Conani en la capacitaci\u00f3n de nuestro personal especializado, y viceversa, en lo que nosotros podamos ayudarlos en aspecto como crianza positiva y en los programas que est\u00e9n dise\u00f1ados para beneficiar a la poblaci\u00f3n que manejan, que son de 370 entre ni\u00f1os y adolescentes de 0- 18 a\u00f1os\u201d.<\/p>\n<p>&nbsp;<\/p>\n<p><strong>Alcance del acuerdo<\/strong><\/p>\n<p>El texto prev\u00e9 que el Miderec designar\u00e1 profesores o monitores para impartir programas de educaci\u00f3n a beneficio de los ni\u00f1os, ni\u00f1as y adolescentes que se encuentran en los Hogares de Paso y Asociaciones Sin Fines de Lucro (ASFL) certificados por el Conani, que a su vez, capacitar\u00e1 dicho personal en temas alusivos y a la garant\u00eda de derechos de los mismos.<\/p>\n<p>Ambas se comprometen en ofrecer asesor\u00edas: el Miderec en la realizaci\u00f3n de presentaciones deportivas al Conani; y \u00e9ste para el desarrollo de planes, programas y proyectos dirigidos a la dicha poblaci\u00f3n.<\/p>\n<p>El Ministerio de Deportes se compromete a proveer utiler\u00eda para los eventos deportivos y recreativos que se realicen en coordinaci\u00f3n entre ambas instituciones; as\u00ed como ofrecer participaci\u00f3n gratuita a ni\u00f1os, ni\u00f1as y adolescentes que se encuentras bajo la jurisdicci\u00f3n del Conani y en los distintos espacios deportivos que se desarrollan en las diferentes regiones del pa\u00eds.<\/p>\n<p>El Conani tambi\u00e9n se compromete a capacitar al personal del Miderec para ser facilitadores de la Campa\u00f1a Nacional de Sensibilizaci\u00f3n de Crianza Positiva; mientras que la contraparte se propone capacitar al personal de la otra parte firmante en estrategias deportivas y recreativas para el desarrollo de la ni\u00f1ez y la adolescencia.<\/p>\n<p>El Conani apoyar\u00e1 encuentros especiales entre deportistas y equipos de alto rendimiento y ni\u00f1os, ni\u00f1as y adolescentes que se encuentren en Hogares de Paso y Asociaciones sin fines de lucro. Asimismo, promover la participaci\u00f3n de ni\u00f1os y adolescentes con discapacidad en eventos deportivos.<\/p>\n<p>Adem\u00e1s, ofrecer un ambiente propicio y el material necesario para que los profesores designados puedan ofrecer sus actividades de formaci\u00f3n. Por igual, brindar espacios para que las personas referidas por el Miderec puedan realizar sus pasant\u00edas, pr\u00e1cticas y trabajos de investigaci\u00f3n en las distintas dependencias del Conani donde se brinde asistencia.<\/p>\n<p>El Miderec se compromete a certificar familias de ni\u00f1os y adolescentes que est\u00e9n participando en actividades deportivas en la Campa\u00f1a de Sensibilizaci\u00f3n sobre \u201cCrianza Positiva\u201d.<\/p>\n<p>Esta instituci\u00f3n deber\u00e1 remitir por cartas e informar a las personas seleccionadas para realizar pasant\u00edas, trabajos de investigaci\u00f3n o pr\u00e1cticas de materias, en alguna dependencia del Conani, sobre la obligaci\u00f3n de firmar un acuerdo de confidencialidad y no divulgaci\u00f3n de la informaci\u00f3n.<\/p>\n<p>El Ministerio deber\u00e1 facilitar cupos para el programa \u201cDeportes para Todos\u201d a ni\u00f1os, ni\u00f1as y adolescentes que se encuentren en las asociaciones sin fines de lucro certificadas por el Conani y Hogares de Paso.<\/p>\n","protected":false},"excerpt":{"rendered":"<p>SANTO DOMINGO.- El ministro de Deportes y Recreaci\u00f3n (Miderec), Danilo D\u00edaz, y la presidente ejecutiva del Consejo Nacional para la Ni\u00f1ez y la Adolescencia (Conani), Kenia Lora Abreu, firmaron un convenio de cooperaci\u00f3n interinstitucional mediante el cual buscan desplegar sus mejores esfuerzos para beneficio de este \u00faltimo sector de la sociedad en todo el territorio [&hellip;]<\/p>\n","protected":false},"author":9,"featured_media":48240,"comment_status":"closed","ping_status":"closed","sticky":false,"template":"","format":"standard","meta":[],"categories":[2,60],"tags":[],"acf":[],"_links":{"self":[{"href":"https:\/\/colimdo.org\/wp-api\/wp\/v2\/posts\/48239"}],"collection":[{"href":"https:\/\/colimdo.org\/wp-api\/wp\/v2\/posts"}],"about":[{"href":"https:\/\/colimdo.org\/wp-api\/wp\/v2\/types\/post"}],"author":[{"embeddable":true,"href":"https:\/\/colimdo.org\/wp-api\/wp\/v2\/users\/9"}],"replies":[{"embeddable":true,"href":"https:\/\/colimdo.org\/wp-api\/wp\/v2\/comments?post=48239"}],"version-history":[{"count":1,"href":"https:\/\/colimdo.org\/wp-api\/wp\/v2\/posts\/48239\/revisions"}],"predecessor-version":[{"id":48241,"href":"https:\/\/colimdo.org\/wp-api\/wp\/v2\/posts\/48239\/revisions\/48241"}],"wp:featuredmedia":[{"embeddable":true,"href":"https:\/\/colimdo.org\/wp-api\/wp\/v2\/media\/48240"}],"wp:attachment":[{"href":"https:\/\/colimdo.org\/wp-api\/wp\/v2\/media?parent=48239"}],"wp:term":[{"taxonomy":"category","embeddable":true,"href":"https:\/\/colimdo.org\/wp-api\/wp\/v2\/categories?post=48239"},{"taxonomy":"post_tag","embeddable":true,"href":"https:\/\/colimdo.org\/wp-api\/wp\/v2\/tags?post=48239"}],"curies":[{"name":"wp","href":"https:\/\/api.w.org\/{rel}","templated":true}]}}