{"id":48258,"date":"2019-02-06T14:58:57","date_gmt":"2019-02-06T14:58:57","guid":{"rendered":"https:\/\/colimdo.org\/?p=48258"},"modified":"2019-02-06T14:58:57","modified_gmt":"2019-02-06T14:58:57","slug":"fifa-dice-presidente-infantino-sera-unico-candidato-las-elecciones-junio","status":"publish","type":"post","link":"https:\/\/colimdo.org\/noticias\/fifa-dice-presidente-infantino-sera-unico-candidato-las-elecciones-junio\/","title":{"rendered":"FIFA dice que presidente Infantino ser\u00e1 el \u00fanico candidato en las elecciones de junio"},"content":{"rendered":"<p class=\"canvas-atom canvas-text Mb(1.0em) Mb(0)--sm Mt(0.8em)--sm\">Z\u00daRICH (Reuters) &#8211; El presidente de la FIFA, Gianni Infantino, no tendr\u00e1 ning\u00fan rival en las elecciones de junio, anunci\u00f3 el mi\u00e9rcoles el organismo rector del f\u00fatbol mundial.<\/p>\n<p class=\"canvas-atom canvas-text Mb(1.0em) Mb(0)--sm Mt(0.8em)--sm\">&#8220;Tras la convocatoria de elecciones emitida por el Consejo de la FIFA el 10 de junio de 2018, las asociaciones miembro de la FIFA propusieron, a su debido tiempo, que el candidato (\u00fanico) para las elecciones presidenciales que se celebrar\u00e1n en el Congreso 69 de la FIFA en Par\u00eds el 5 de junio de 2019 sea el se\u00f1or Gianni Infantino&#8221;, dijo el organismo en un comunicado.<\/p>\n<p class=\"canvas-atom canvas-text Mb(1.0em) Mb(0)--sm Mt(0.8em)--sm\">Los planes de Infantino de ampliar el Mundial de Clubes y crear una Liga de Naciones a nivel global lo han puesto en una situaci\u00f3n de conflicto con la UEFA y los clubes europeos.<\/p>\n<p class=\"canvas-atom canvas-text Mb(1.0em) Mb(0)--sm Mt(0.8em)--sm\">Sin embargo, ning\u00fan candidato de Europa surgi\u00f3 para desafiar a Infantino, un exsecretario general de la UEFA que fue elegido en febrero de 2016 al mando de la FIFA en sustituci\u00f3n del sancionado Joseph Blatter.<\/p>\n<p class=\"canvas-atom canvas-text Mb(1.0em) Mb(0)--sm Mt(0.8em)--sm\">El dirigente suizo venci\u00f3 al presidente de la Confederaci\u00f3n Asi\u00e1tica de F\u00fatbol, Salman bin Ebrahim Al Khalifa, en la ronda final de esas elecciones, despu\u00e9s de que el pr\u00edncipe de Jordania, Ali Bin Al Hussein, y el franc\u00e9s Jerome Champagne quedaran fuera de la carrera.<\/p>\n<p class=\"canvas-atom canvas-text Mb(1.0em) Mb(0)--sm Mt(0.8em)--sm\">La UEFA celebrar\u00e1 sus propias elecciones en un congreso que se realizar\u00e1 en Roma el jueves, donde el abogado esloveno Aleksander Ceferin ser\u00e1 reelegido sin oposici\u00f3n.<\/p>\n","protected":false},"excerpt":{"rendered":"<p>Ning\u00fan candidato de Europa surgi\u00f3 para desafiar a Infantino, un exsecretario general de la UEFA que fue elegido en febrero de 2016 al mando de la FIFA en sustituci\u00f3n del sancionado Joseph Blatter.<\/p>\n","protected":false},"author":16,"featured_media":48259,"comment_status":"closed","ping_status":"closed","sticky":false,"template":"","format":"standard","meta":[],"categories":[2,60],"tags":[],"acf":[],"_links":{"self":[{"href":"https:\/\/colimdo.org\/wp-api\/wp\/v2\/posts\/48258"}],"collection":[{"href":"https:\/\/colimdo.org\/wp-api\/wp\/v2\/posts"}],"about":[{"href":"https:\/\/colimdo.org\/wp-api\/wp\/v2\/types\/post"}],"author":[{"embeddable":true,"href":"https:\/\/colimdo.org\/wp-api\/wp\/v2\/users\/16"}],"replies":[{"embeddable":true,"href":"https:\/\/colimdo.org\/wp-api\/wp\/v2\/comments?post=48258"}],"version-history":[{"count":1,"href":"https:\/\/colimdo.org\/wp-api\/wp\/v2\/posts\/48258\/revisions"}],"predecessor-version":[{"id":48260,"href":"https:\/\/colimdo.org\/wp-api\/wp\/v2\/posts\/48258\/revisions\/48260"}],"wp:featuredmedia":[{"embeddable":true,"href":"https:\/\/colimdo.org\/wp-api\/wp\/v2\/media\/48259"}],"wp:attachment":[{"href":"https:\/\/colimdo.org\/wp-api\/wp\/v2\/media?parent=48258"}],"wp:term":[{"taxonomy":"category","embeddable":true,"href":"https:\/\/colimdo.org\/wp-api\/wp\/v2\/categories?post=48258"},{"taxonomy":"post_tag","embeddable":true,"href":"https:\/\/colimdo.org\/wp-api\/wp\/v2\/tags?post=48258"}],"curies":[{"name":"wp","href":"https:\/\/api.w.org\/{rel}","templated":true}]}}