{"id":48261,"date":"2019-02-06T15:19:33","date_gmt":"2019-02-06T15:19:33","guid":{"rendered":"https:\/\/colimdo.org\/?p=48261"},"modified":"2019-02-06T15:19:33","modified_gmt":"2019-02-06T15:19:33","slug":"rd-permanece-grupo-i-america-la-copa-davis","status":"publish","type":"post","link":"https:\/\/colimdo.org\/noticias\/rd-permanece-grupo-i-america-la-copa-davis\/","title":{"rendered":"RD permanece en Grupo I de Am\u00e9rica para la Copa Davis"},"content":{"rendered":"<p>SANTO DOMINGO. La Rep\u00fablica Dominicana permanecer\u00e1 en el Grupo I de America para la Copa\u00a0<span class=\"googie_link\">Davis<\/span>\u00a0para las series que se disputar\u00e1n en los meses de abril y septiembre.<br \/>\nEl seleccionado dominicano de Copa\u00a0<span class=\"googie_link\">Davis<\/span>, se mantuvo en el Grupo 1 del continente luego de que fuera actualizado el pasado lunes el\u00a0<span class=\"googie_link\">R\u00e1nking<\/span>\u00a0de Naciones y este posicionamiento reparti\u00f3 a las naciones de cada regi\u00f3n en sus grupos correspondientes.<br \/>\nEn Am\u00e9rica I, como es conocido el Grupo I, quedaron\u00a0<span class=\"googie_link\">preclacificados<\/span>\u00a0junto a la Rep\u00fablica Dominicana, Brasil y Ecuador, mientras que en America\u00a0<span class=\"googie_link\">II<\/span>, quedaron sembrados Per\u00fa, M\u00e9xico y Guatemala, en tanto que los no sembrados ser\u00e1n\u00a0<span class=\"googie_link\">Bolivia<\/span>, El Salvador y Paraguay.<br \/>\nEl sorteo para definir las series ser\u00e1 realizado hoy, a partir del medio d\u00eda.<\/p>\n","protected":false},"excerpt":{"rendered":"<p>El seleccionado dominicano de Copa\u00a0Davis, se mantuvo en el Grupo 1 del continente luego de que fuera actualizado el pasado lunes el\u00a0R\u00e1nking\u00a0de Naciones<\/p>\n","protected":false},"author":16,"featured_media":48262,"comment_status":"closed","ping_status":"closed","sticky":false,"template":"","format":"standard","meta":[],"categories":[3,2,60],"tags":[],"acf":[],"_links":{"self":[{"href":"https:\/\/colimdo.org\/wp-api\/wp\/v2\/posts\/48261"}],"collection":[{"href":"https:\/\/colimdo.org\/wp-api\/wp\/v2\/posts"}],"about":[{"href":"https:\/\/colimdo.org\/wp-api\/wp\/v2\/types\/post"}],"author":[{"embeddable":true,"href":"https:\/\/colimdo.org\/wp-api\/wp\/v2\/users\/16"}],"replies":[{"embeddable":true,"href":"https:\/\/colimdo.org\/wp-api\/wp\/v2\/comments?post=48261"}],"version-history":[{"count":1,"href":"https:\/\/colimdo.org\/wp-api\/wp\/v2\/posts\/48261\/revisions"}],"predecessor-version":[{"id":48263,"href":"https:\/\/colimdo.org\/wp-api\/wp\/v2\/posts\/48261\/revisions\/48263"}],"wp:featuredmedia":[{"embeddable":true,"href":"https:\/\/colimdo.org\/wp-api\/wp\/v2\/media\/48262"}],"wp:attachment":[{"href":"https:\/\/colimdo.org\/wp-api\/wp\/v2\/media?parent=48261"}],"wp:term":[{"taxonomy":"category","embeddable":true,"href":"https:\/\/colimdo.org\/wp-api\/wp\/v2\/categories?post=48261"},{"taxonomy":"post_tag","embeddable":true,"href":"https:\/\/colimdo.org\/wp-api\/wp\/v2\/tags?post=48261"}],"curies":[{"name":"wp","href":"https:\/\/api.w.org\/{rel}","templated":true}]}}