{"id":48273,"date":"2019-02-06T17:10:20","date_gmt":"2019-02-06T17:10:20","guid":{"rendered":"https:\/\/colimdo.org\/?p=48273"},"modified":"2019-02-06T17:10:20","modified_gmt":"2019-02-06T17:10:20","slug":"niegan-la-primera-busqueda-sala-haya-mal-hecha","status":"publish","type":"post","link":"https:\/\/colimdo.org\/noticias\/niegan-la-primera-busqueda-sala-haya-mal-hecha\/","title":{"rendered":"Niegan que la primera b\u00fasqueda de Sala haya sido mal hecha"},"content":{"rendered":"<p>EFE. El jefe del operativo de b\u00fasqueda del futbolista Emiliano Sala los primeros d\u00edas tras el accidente, John Fitzgerald, ha negado las acusaciones vertidas en redes sociales por haber suspendido la b\u00fasqueda de la avioneta a los tres d\u00edas.<\/p>\n<p>Las labores iniciales de rescate fueron canceladas tras tres d\u00edas de b\u00fasqueda en las que no se encontr\u00f3 ni rastro del avi\u00f3n.<\/p>\n<p>No obstante, un operativo privado, financiado mediante micromecenazgo que recaud\u00f3 371.000 euros, encontr\u00f3 este domingo la avioneta en el fondo del Canal de la Mancha.<\/p>\n<p>&#8220;Ha habido muchos comentarios en redes sociales respecto a haber suspendido la b\u00fasqueda&#8221;, dijo Fitzgerald a los medios locales.<\/p>\n<p>&#8220;Las condiciones no eran buenas, al estar en el mar las olas te pod\u00edan golpear directamente en la cama. Est\u00e1bamos ah\u00ed para salvar vidas&#8221;, agreg\u00f3.<\/p>\n<p>Adem\u00e1s, apunt\u00f3 que su tarea era la de tratar de encontrar con vida al argentino Emiliano Sala y al piloto David Ibbotson y no la de localizar la avioneta.<\/p>\n<p>&#8220;Una avioneta puede estar flotando durante dos o tres minutos hasta que se hunde&#8221;, asegur\u00f3, a la vez que explic\u00f3 que el equipo de b\u00fasqueda se traslad\u00f3 a la escena del accidente 37 minutos despu\u00e9s de que el Piper Malib\u00fa en el que viajaban Sala e Ibbotson desapareciera del radar.<\/p>\n<p>El jefe de la b\u00fasqueda privada, David Mearns, afirm\u00f3 que nadie deber\u00eda quedarse con la idea equivocada de que la b\u00fasqueda iniciada los primeros d\u00edas &#8220;no hizo otra cosa que un trabajo profesional&#8221;.<\/p>\n<p>La avioneta en la que viajaban Sala e Ibbotson desapareci\u00f3 el pasado 21 de enero cuando cruzaban el Canal de la Mancha desde Nantes hasta Cardiff.<\/p>\n<p>Este domingo se hall\u00f3 la avioneta bajo el mar, al norte de la isla de Guernsey. Junto a los restos del avi\u00f3n de descubri\u00f3 un cuerpo, sin identificar, que se est\u00e1 tratando de rescatar.<\/p>\n<p>&nbsp;<\/p>\n","protected":false},"excerpt":{"rendered":"<p>Las labores iniciales de rescate fueron canceladas tras tres d\u00edas de b\u00fasqueda en las que no se encontr\u00f3 ni rastro del avi\u00f3n.<\/p>\n","protected":false},"author":16,"featured_media":48274,"comment_status":"closed","ping_status":"closed","sticky":false,"template":"","format":"standard","meta":[],"categories":[2,60],"tags":[],"acf":[],"_links":{"self":[{"href":"https:\/\/colimdo.org\/wp-api\/wp\/v2\/posts\/48273"}],"collection":[{"href":"https:\/\/colimdo.org\/wp-api\/wp\/v2\/posts"}],"about":[{"href":"https:\/\/colimdo.org\/wp-api\/wp\/v2\/types\/post"}],"author":[{"embeddable":true,"href":"https:\/\/colimdo.org\/wp-api\/wp\/v2\/users\/16"}],"replies":[{"embeddable":true,"href":"https:\/\/colimdo.org\/wp-api\/wp\/v2\/comments?post=48273"}],"version-history":[{"count":1,"href":"https:\/\/colimdo.org\/wp-api\/wp\/v2\/posts\/48273\/revisions"}],"predecessor-version":[{"id":48275,"href":"https:\/\/colimdo.org\/wp-api\/wp\/v2\/posts\/48273\/revisions\/48275"}],"wp:featuredmedia":[{"embeddable":true,"href":"https:\/\/colimdo.org\/wp-api\/wp\/v2\/media\/48274"}],"wp:attachment":[{"href":"https:\/\/colimdo.org\/wp-api\/wp\/v2\/media?parent=48273"}],"wp:term":[{"taxonomy":"category","embeddable":true,"href":"https:\/\/colimdo.org\/wp-api\/wp\/v2\/categories?post=48273"},{"taxonomy":"post_tag","embeddable":true,"href":"https:\/\/colimdo.org\/wp-api\/wp\/v2\/tags?post=48273"}],"curies":[{"name":"wp","href":"https:\/\/api.w.org\/{rel}","templated":true}]}}