{"id":48279,"date":"2019-02-06T18:17:26","date_gmt":"2019-02-06T18:17:26","guid":{"rendered":"https:\/\/colimdo.org\/?p=48279"},"modified":"2019-02-06T18:17:26","modified_gmt":"2019-02-06T18:17:26","slug":"comite-ejecutivo-del-cod-designa-comision-solidaridad-olimpica","status":"publish","type":"post","link":"https:\/\/colimdo.org\/noticias\/comite-ejecutivo-del-cod-designa-comision-solidaridad-olimpica\/","title":{"rendered":"Comit\u00e9 Ejecutivo del COD designa comisi\u00f3n en Solidaridad Ol\u00edmpica"},"content":{"rendered":"<p class=\"x_ydp440026d1MsoNoSpacing\"><b><span lang=\"ES-TRAD\">SANTO DOMINGO.<\/span><\/b><span lang=\"ES-TRAD\">&#8211; El Comit\u00e9 Ejecutivo del Comit\u00e9 Ol\u00edmpico Dominicano (COD) design\u00f3 una comisi\u00f3n que dirigir\u00e1 el programa Solidaridad Ol\u00edmpica para Rep\u00fablica Dominicana para el per\u00edodo 2018-2022.<\/span><\/p>\n<p class=\"x_ydp440026d1MsoNoSpacing\"><span lang=\"ES-TRAD\">La comisi\u00f3n estar\u00e1 integrada por Gilberto Garc\u00eda, en su condici\u00f3n de Secretario General, quien la presidir\u00e1 y adem\u00e1s la integran Luis Chanlatte, actual vicepresidente del COD y Rafael Villalona, vocal.<\/span><\/p>\n<p class=\"x_ydp440026d1MsoNoSpacing\"><span lang=\"ES-TRAD\">La designaci\u00f3n se produjo en la sesi\u00f3n del Comit\u00e9 Ejecutivo del COD celebrada el pasado martes.<\/span><\/p>\n<p class=\"x_ydp440026d1MsoNoSpacing\"><span lang=\"ES-TRAD\">El programa Solidaridad Ol\u00edmpica sirve de soporte a un amplio abanico de actividades ol\u00edmpicas, as\u00ed como de atletas, t\u00e9cnicos y dirigentes.<\/span><\/p>\n<p class=\"x_ydp440026d1MsoNoSpacing\"><span lang=\"ES-TRAD\">Mediante ese programa se ejecutan cursos de diferentes categor\u00edas para dirigentes y entrenadores, tambi\u00e9n se llevan a cabo charlas, as\u00ed como la participaci\u00f3n de estos en cursos nacionales e internacionales.<\/span><\/p>\n<p class=\"x_ydp440026d1MsoNoSpacing\"><span lang=\"ES-TRAD\">Igualmente, se ofrecen facilidades a atletas ol\u00edmpicos para su preparaci\u00f3n en base de entrenamientos en el exterior.<\/span><\/p>\n<p class=\"x_ydp440026d1MsoNoSpacing\"><span lang=\"ES-TRAD\">\u00a0<\/span><\/p>\n","protected":false},"excerpt":{"rendered":"<p>La comisi\u00f3n estar\u00e1 integrada por Gilberto Garc\u00eda, en su condici\u00f3n de Secretario General, quien la presidir\u00e1 y adem\u00e1s la integran Luis Chanlatte, actual vicepresidente del COD y Rafael Villalona, vocal.<\/p>\n","protected":false},"author":16,"featured_media":48280,"comment_status":"closed","ping_status":"closed","sticky":false,"template":"","format":"standard","meta":[],"categories":[2,60],"tags":[],"acf":[],"_links":{"self":[{"href":"https:\/\/colimdo.org\/wp-api\/wp\/v2\/posts\/48279"}],"collection":[{"href":"https:\/\/colimdo.org\/wp-api\/wp\/v2\/posts"}],"about":[{"href":"https:\/\/colimdo.org\/wp-api\/wp\/v2\/types\/post"}],"author":[{"embeddable":true,"href":"https:\/\/colimdo.org\/wp-api\/wp\/v2\/users\/16"}],"replies":[{"embeddable":true,"href":"https:\/\/colimdo.org\/wp-api\/wp\/v2\/comments?post=48279"}],"version-history":[{"count":1,"href":"https:\/\/colimdo.org\/wp-api\/wp\/v2\/posts\/48279\/revisions"}],"predecessor-version":[{"id":48281,"href":"https:\/\/colimdo.org\/wp-api\/wp\/v2\/posts\/48279\/revisions\/48281"}],"wp:featuredmedia":[{"embeddable":true,"href":"https:\/\/colimdo.org\/wp-api\/wp\/v2\/media\/48280"}],"wp:attachment":[{"href":"https:\/\/colimdo.org\/wp-api\/wp\/v2\/media?parent=48279"}],"wp:term":[{"taxonomy":"category","embeddable":true,"href":"https:\/\/colimdo.org\/wp-api\/wp\/v2\/categories?post=48279"},{"taxonomy":"post_tag","embeddable":true,"href":"https:\/\/colimdo.org\/wp-api\/wp\/v2\/tags?post=48279"}],"curies":[{"name":"wp","href":"https:\/\/api.w.org\/{rel}","templated":true}]}}