{"id":48282,"date":"2019-02-06T18:24:50","date_gmt":"2019-02-06T18:24:50","guid":{"rendered":"https:\/\/colimdo.org\/?p=48282"},"modified":"2019-02-06T18:24:50","modified_gmt":"2019-02-06T18:24:50","slug":"cod-designa-enlaces-las-federaciones-las-provincias","status":"publish","type":"post","link":"https:\/\/colimdo.org\/noticias\/cod-designa-enlaces-las-federaciones-las-provincias\/","title":{"rendered":"COD designa enlaces con las federaciones y las provincias"},"content":{"rendered":"<p class=\"x_ydp28985db4MsoNoSpacing\"><b>SANTO DOMINGO.<\/b>&#8211; El Comit\u00e9 Ol\u00edmpico Dominicano (COD) design\u00f3 a \u201cenlaces\u201d provinciales y con las Federaciones Deportivas Nacionales y organizaciones multilaterales, a los fines de tener un contacto m\u00e1s cercano con la dirigencia deportiva de todo el pa\u00eds.<\/p>\n<p class=\"x_ydp28985db4MsoNoSpacing\">Estas tareas ser\u00e1n realizadas por miembros del Comit\u00e9 Ejecutivo durante el per\u00edodo 2018-2022.<\/p>\n<p class=\"x_ydp28985db4MsoNoSpacing\">En el caso de las provincias, los dirigentes del COD dar\u00e1n seguimiento a las actividades provinciales, teniendo contactos directos con los dirigentes de esas comunidades, lo mismo que con las federaciones y otras organizaciones.<\/p>\n<p class=\"x_ydp28985db4MsoNoSpacing\"><span lang=\"ES-DO\">La decisi\u00f3n fue tomada mediante una resoluci\u00f3n emanada de la reuni\u00f3n del Comit\u00e9 Ejecutivo del COD, celebrada este martes.<\/span><\/p>\n<p class=\"x_ydp28985db4MsoNoSpacing\"><b>Enlaces con las federaciones<\/b><\/p>\n<p class=\"x_ydp28985db4MsoNoSpacing\">El licenciado Antonio Acosta, primer vicepresidente del COD ha sido designado como enlace con las federaciones de Triatl\u00f3n, Racquetbol, Softbol y Tiro; mientras que Luis Chanlatte, segundo vicepresidente, es el enlace con las federaciones de Taekwondo, Patinaje, remo y Canotaje, Patinaje y B\u00e9isbol; y Rafael Uribe, tercer vicepresidente, ser\u00e1 el v\u00ednculo con las federaciones de Vela, tenis, Balonmano y Tiro con Arco.<\/p>\n<p class=\"x_ydp28985db4MsoNoSpacing\">En tanto que Gilberto Garc\u00eda, secretario general, es el enlace con las federaciones de Boxeo, halterofilia, Uniones Deportivas y Ajedrez; Gerardo Suero Correa, co secretario, coordinar\u00e1 con las federaciones de Judo, Wushu, Nataci\u00f3n y Tiro al Plato.<\/p>\n<p class=\"x_ydp28985db4MsoNoSpacing\">Jos\u00e9 Luis Ram\u00edrez, tesorero, ser\u00e1 el coordinador con las federaciones de Esgrima, Circulo Deportivo de las Fuerzas Armadas y la Polic\u00eda Nacional y Ciclismo; Edwin Rodr\u00edguez, co tesorero, ser\u00e1 enlace con las federaciones de Atletismo, Karate, Medicina del Deporte y F\u00fatbol.<\/p>\n<p class=\"x_ydp28985db4MsoNoSpacing\">Asimismo, Nelson Ram\u00edrez, vocal, tiene como tarea de ser enlace con las federaciones de Lucha, Golf, Arte y Cultura y Tenis de Mesa; Dulce Mar\u00eda Pi\u00f1a, tambi\u00e9n vocal, ser\u00e1 enlace con el Comit\u00e9 Paral\u00edmpico, as\u00ed como de las federaciones de Boliche y Surf, en tanto que Rafael Villalona, ser\u00e1 enlace de las federaciones de Badminton, Baloncesto, Ecuestre y Pentatl\u00f3n Moderno.<\/p>\n<p class=\"x_ydp28985db4MsoNoSpacing\">Luis Mej\u00eda Oviedo, presidente, ser\u00e1 enlace con las federaciones de Clubes, Voleibol y Hockey sobre C\u00e9sped.<\/p>\n<p class=\"x_ydp28985db4MsoNoSpacing\"><span lang=\"ES-DO\">Tambi\u00e9n se inform\u00f3 que el doctor Jos\u00e9 Joaqu\u00edn Puello, presidente Ad Vitam del COD, ser\u00e1 el enlace con el Ministerio de Salud P\u00fablica, en tanto que Nelly Manuel Do\u00f1\u00e9, har\u00e1 lo propio con el Ministerio de Educaci\u00f3n y con el Instituto Nacional de Educaci\u00f3n F\u00edsica (Inefi).<\/span><\/p>\n<p class=\"x_ydp28985db4MsoNoSpacing\"><b>Enlaces provinciales<\/b><\/p>\n<p class=\"x_ydp28985db4MsoNoSpacing\">Antonio Acosta tendr\u00e1 la responsabilidad de tener v\u00ednculo con deportistas de las provincias Santo Domingo, El Distrito Nacional y Monte Plata; lo propio har\u00e1 Luis Chanlatte con las provincias de San Crist\u00f3bal, Peravia, Azua y San Jos\u00e9 de Ocoa y Rafael Uribe tiene bajo su responsabilidad a La Romana, La Altagracia y El Seibol.<\/p>\n<p class=\"x_ydp28985db4MsoNoSpacing\">Gilberto Garc\u00eda ser\u00e1 enlace con la Vega, Santiago y Espailla, mientras que Gerardo Suero Correa, tiene bajo su responsabilidad a las provincias Duarte, Mar\u00eda Trinidad S\u00e1nchez y Saman\u00e1; Jos\u00e9 Luis Ram\u00edrez a Monse\u00f1or Nouel, S\u00e1nchez Ram\u00edrez y Hermanas Mirabal.<\/p>\n<p class=\"x_ydp28985db4MsoNoSpacing\">Nelson Ram\u00edrez ser\u00e1 el enlace con Montecristi, Santiago Rodr\u00edguez y Dajab\u00f3n; Edwin Rodr\u00edguez con Barahona, Independencia y Bahoruco; Dulce Mar\u00eda Pi\u00f1a tendr\u00e1 a San Juan de la Maguana, El\u00edas Pi\u00f1a y Pedernales y Rafael Villalona a Puerto Plata, San Pedro de Macor\u00eds y Hato Mayor.<\/p>\n","protected":false},"excerpt":{"rendered":"<p>En el caso de las provincias, los dirigentes del COD dar\u00e1n seguimiento a las actividades provinciales, teniendo contactos directos con los dirigentes de esas comunidades, lo mismo que con las federaciones y otras organizaciones.<\/p>\n","protected":false},"author":16,"featured_media":48283,"comment_status":"closed","ping_status":"closed","sticky":false,"template":"","format":"standard","meta":[],"categories":[3,2,60],"tags":[],"acf":[],"_links":{"self":[{"href":"https:\/\/colimdo.org\/wp-api\/wp\/v2\/posts\/48282"}],"collection":[{"href":"https:\/\/colimdo.org\/wp-api\/wp\/v2\/posts"}],"about":[{"href":"https:\/\/colimdo.org\/wp-api\/wp\/v2\/types\/post"}],"author":[{"embeddable":true,"href":"https:\/\/colimdo.org\/wp-api\/wp\/v2\/users\/16"}],"replies":[{"embeddable":true,"href":"https:\/\/colimdo.org\/wp-api\/wp\/v2\/comments?post=48282"}],"version-history":[{"count":1,"href":"https:\/\/colimdo.org\/wp-api\/wp\/v2\/posts\/48282\/revisions"}],"predecessor-version":[{"id":48284,"href":"https:\/\/colimdo.org\/wp-api\/wp\/v2\/posts\/48282\/revisions\/48284"}],"wp:featuredmedia":[{"embeddable":true,"href":"https:\/\/colimdo.org\/wp-api\/wp\/v2\/media\/48283"}],"wp:attachment":[{"href":"https:\/\/colimdo.org\/wp-api\/wp\/v2\/media?parent=48282"}],"wp:term":[{"taxonomy":"category","embeddable":true,"href":"https:\/\/colimdo.org\/wp-api\/wp\/v2\/categories?post=48282"},{"taxonomy":"post_tag","embeddable":true,"href":"https:\/\/colimdo.org\/wp-api\/wp\/v2\/tags?post=48282"}],"curies":[{"name":"wp","href":"https:\/\/api.w.org\/{rel}","templated":true}]}}