{"id":48299,"date":"2019-02-07T01:02:11","date_gmt":"2019-02-07T01:02:11","guid":{"rendered":"https:\/\/colimdo.org\/?p=48299"},"modified":"2019-02-07T01:02:11","modified_gmt":"2019-02-07T01:02:11","slug":"rd-anuncia-preseleccion-incluye-ronald-roberts-jr","status":"publish","type":"post","link":"https:\/\/colimdo.org\/noticias\/rd-anuncia-preseleccion-incluye-ronald-roberts-jr\/","title":{"rendered":"RD anuncia preselecci\u00f3n que incluye a Ronald Roberts Jr."},"content":{"rendered":"<p><strong><span data-originalfontsize=\"11pt\" data-originalcomputedfontsize=\"14.666666984558105\">SANTO DOMINGO.-<\/span><\/strong><span data-originalfontsize=\"11pt\" data-originalcomputedfontsize=\"14.666666984558105\"> Rep\u00fablica Dominicana ya cuenta con su <strong data-removefontsize=\"true\" data-originalcomputedfontsize=\"14.666666984558105\">preselecci\u00f3n nacional<\/strong> de cara a sus partidos de la \u00faltima ventana del <strong data-removefontsize=\"true\" data-originalcomputedfontsize=\"14.666666984558105\">Clasificatorio de las Am\u00e9ricas<\/strong> a la Copa del Mundo FIBA 2019, los cuales se celebrar\u00e1n el 21 y el 25 de este mes en el Palacio de los Deportes.<\/span><\/p>\n<p><span data-originalfontsize=\"11pt\" data-originalcomputedfontsize=\"14.666666984558105\">El gerente general <strong data-removefontsize=\"true\" data-originalcomputedfontsize=\"14.666666984558105\">Francisco Garc\u00eda<\/strong> dio a conocer este martes una lista de 16 jugadores que incluye al delantero <strong data-removefontsize=\"true\" data-originalcomputedfontsize=\"14.666666984558105\">Ronald Roberts Jr<\/strong>., quien no se coloca el uniforme tricolor desde Centrobasket 2014.<\/span><\/p>\n<p><span data-originalfontsize=\"11pt\" data-originalcomputedfontsize=\"14.666666984558105\">La lista incluye a los armadores <strong data-removefontsize=\"true\" data-originalcomputedfontsize=\"14.666666984558105\">Ronald Ram\u00f3n, Gelvis Solano, Edgar Sosa<\/strong> y <strong data-removefontsize=\"true\" data-originalcomputedfontsize=\"14.666666984558105\">Juan Coronado<\/strong>, as\u00ed como tambi\u00e9n a los tiradores <strong data-removefontsize=\"true\" data-originalcomputedfontsize=\"14.666666984558105\">V\u00edctor Liz<\/strong> y <strong data-removefontsize=\"true\" data-originalcomputedfontsize=\"14.666666984558105\">Rigoberto Mendoza<\/strong>.<\/span><\/p>\n<p><span data-originalfontsize=\"11pt\" data-originalcomputedfontsize=\"14.666666984558105\">Como delanteros peque\u00f1os figuran <strong data-removefontsize=\"true\" data-originalcomputedfontsize=\"14.666666984558105\">Dagoberto Pe\u00f1a <\/strong>y <strong data-removefontsize=\"true\" data-originalcomputedfontsize=\"14.666666984558105\">Juan Miguel Suero<\/strong>, mientras que entre los aleros de poder y centros figuran <strong data-removefontsize=\"true\" data-originalcomputedfontsize=\"14.666666984558105\">Juan Guerrero, Juan Jos\u00e9 Garc\u00eda, Eloy Vargas, Jhonatan Araujo<\/strong> y <strong data-removefontsize=\"true\" data-originalcomputedfontsize=\"14.666666984558105\">Brayan Mart\u00ednez<\/strong>.<\/span><\/p>\n<p><span data-originalfontsize=\"11pt\" data-originalcomputedfontsize=\"14.666666984558105\">Los nacionalizados <strong data-removefontsize=\"true\" data-originalcomputedfontsize=\"14.666666984558105\">Sadiel Rojas<\/strong> y <strong data-removefontsize=\"true\" data-originalcomputedfontsize=\"14.666666984558105\">M.J. Rhet<\/strong>t tambi\u00e9n integran el listado ofrecido por Garc\u00eda.<\/span><\/p>\n<p><span data-originalfontsize=\"11pt\" data-originalcomputedfontsize=\"14.666666984558105\">Los nacionalizados <strong data-removefontsize=\"true\" data-originalcomputedfontsize=\"14.666666984558105\">Sadiel Rojas<\/strong> y <strong data-removefontsize=\"true\" data-originalcomputedfontsize=\"14.666666984558105\">M.J. Rhet<\/strong>t tambi\u00e9n integran el listado ofrecido por Garc\u00eda.<\/span><\/p>\n<p><span data-originalfontsize=\"11pt\" data-originalcomputedfontsize=\"14.666666984558105\">\u201cHe hablado con todos y est\u00e1n muy emocionados de representar al pa\u00eds. Hemos conformado un grupo atl\u00e9tico con capacidad de defender y creo que haremos un gran trabajo\u201d dijo Garc\u00eda.<\/span><\/p>\n<p><span data-originalfontsize=\"11pt\" data-originalcomputedfontsize=\"14.666666984558105\">Los quisqueyanos (6-4) jugar\u00e1n el <strong data-removefontsize=\"true\" data-originalcomputedfontsize=\"14.666666984558105\">jueves 21 contra Venezuela<\/strong> (9-1) y el <strong data-removefontsize=\"true\" data-originalcomputedfontsize=\"14.666666984558105\">viernes 25 frente a Brasil<\/strong> (7-3) en el <strong data-removefontsize=\"true\" data-originalcomputedfontsize=\"14.666666984558105\">Virgilio Travieso Soto<\/strong>, en partidos a las <strong data-removefontsize=\"true\" data-originalcomputedfontsize=\"14.666666984558105\">8:30 <\/strong>de la noche donde buscar\u00e1n sellar su pase al Mundial de China que se celebrar\u00e1 en verano.<\/span><\/p>\n<p><strong><span data-originalfontsize=\"11pt\" data-originalcomputedfontsize=\"14.666666984558105\">Boletas a la venta en Uepatickets<\/span><\/strong><\/p>\n<p><span data-originalfontsize=\"11pt\" data-originalcomputedfontsize=\"14.666666984558105\">Las entradas para los partidos del equipo dominicano se contin\u00faan vendiendo en <strong><a href=\"http:\/\/uepatickets.com\/\" data-saferedirecturl=\"https:\/\/www.google.com\/url?q=http:\/\/uepatickets.com&amp;source=gmail&amp;ust=1549578386718000&amp;usg=AFQjCNH5HSH6dFmkJRfR4kwdjf8sq9D5jg\" data-removefontsize=\"true\" data-originalcomputedfontsize=\"14.666666984558105\">uepatickets.com<\/a><\/strong> y en los puntos de venta ubicados en Supermercados Nacional y Jumbo. <\/span><\/p>\n<p><span data-originalfontsize=\"11pt\" data-originalcomputedfontsize=\"14.666666984558105\">Los palcos norte y sur tiene un precio de <strong data-removefontsize=\"true\" data-originalcomputedfontsize=\"14.666666984558105\">RD$450 pesos<\/strong>, mientras que los palcos oeste y este cuestan <strong data-removefontsize=\"true\" data-originalcomputedfontsize=\"14.666666984558105\">RD$350<\/strong>. Para las gradas, que valen <strong data-removefontsize=\"true\" data-originalcomputedfontsize=\"14.666666984558105\">RD$200<\/strong> pesos, hay un 15% de descuento si se compran para ambos juegos.<\/span><\/p>\n<p>&nbsp;<\/p>\n","protected":false},"excerpt":{"rendered":"<p>SANTO DOMINGO.- Rep\u00fablica Dominicana ya cuenta con su preselecci\u00f3n nacional de cara a sus partidos de la \u00faltima ventana del Clasificatorio de las Am\u00e9ricas a la Copa del Mundo FIBA 2019, los cuales se celebrar\u00e1n el 21 y el 25 de este mes en el Palacio de los Deportes. El gerente general Francisco Garc\u00eda dio [&hellip;]<\/p>\n","protected":false},"author":9,"featured_media":48286,"comment_status":"closed","ping_status":"closed","sticky":false,"template":"","format":"standard","meta":[],"categories":[3,2],"tags":[],"acf":[],"_links":{"self":[{"href":"https:\/\/colimdo.org\/wp-api\/wp\/v2\/posts\/48299"}],"collection":[{"href":"https:\/\/colimdo.org\/wp-api\/wp\/v2\/posts"}],"about":[{"href":"https:\/\/colimdo.org\/wp-api\/wp\/v2\/types\/post"}],"author":[{"embeddable":true,"href":"https:\/\/colimdo.org\/wp-api\/wp\/v2\/users\/9"}],"replies":[{"embeddable":true,"href":"https:\/\/colimdo.org\/wp-api\/wp\/v2\/comments?post=48299"}],"version-history":[{"count":1,"href":"https:\/\/colimdo.org\/wp-api\/wp\/v2\/posts\/48299\/revisions"}],"predecessor-version":[{"id":48300,"href":"https:\/\/colimdo.org\/wp-api\/wp\/v2\/posts\/48299\/revisions\/48300"}],"wp:featuredmedia":[{"embeddable":true,"href":"https:\/\/colimdo.org\/wp-api\/wp\/v2\/media\/48286"}],"wp:attachment":[{"href":"https:\/\/colimdo.org\/wp-api\/wp\/v2\/media?parent=48299"}],"wp:term":[{"taxonomy":"category","embeddable":true,"href":"https:\/\/colimdo.org\/wp-api\/wp\/v2\/categories?post=48299"},{"taxonomy":"post_tag","embeddable":true,"href":"https:\/\/colimdo.org\/wp-api\/wp\/v2\/tags?post=48299"}],"curies":[{"name":"wp","href":"https:\/\/api.w.org\/{rel}","templated":true}]}}