{"id":48303,"date":"2019-02-07T01:52:14","date_gmt":"2019-02-07T01:52:14","guid":{"rendered":"https:\/\/colimdo.org\/?p=48303"},"modified":"2019-02-07T01:52:20","modified_gmt":"2019-02-07T01:52:20","slug":"delegaciones-internacionales-participaran-la-vuelta-independencia","status":"publish","type":"post","link":"https:\/\/colimdo.org\/noticias\/delegaciones-internacionales-participaran-la-vuelta-independencia\/","title":{"rendered":"Delegaciones internacionales participar\u00e1n en la Vuelta Independencia"},"content":{"rendered":"<p><strong>SANTO DOMINGO.<\/strong> La cuadrag\u00e9sima edici\u00f3n de la Vuelta Independencia Nacional de Ciclismo de la Republica Dominicana contar\u00e1 con la participaci\u00f3n de 26 equipos, entre ellos 15 internacionales y 11 nacionales, as\u00ed lo dio a conocer este mi\u00e9rcoles el ingeniero Jorge Blas D\u00edaz, presidente de la Federaci\u00f3n Dominicana de Ciclismo (Fedoci).<\/p>\n<p>Entre las delegaciones internacionales que estar\u00e1n presentes en esta edici\u00f3n de la vuelta, pautada para iniciar el pr\u00f3ximo 25 del presente mes, se encuentran la de los Estados Unidos, Guadalupe, Martinica, Suiza, Alemania, Ecuador, Serbia, Holanda, Italia, Venezuela\u00a0\u00a0y Colombia.<\/p>\n<p>Las delegaciones antes mencionadas se sumar\u00e1n a la cuota nacional, compuesta por los equipos, Arcoiris, F\u00e9nix, Aero Cycling Team, INTEJA IMCA, Escuela de Ciclismo del Cibao, ASOCIPE Moca, ASOCIVE de la Vega, ASOCISANCRIS de San Crist\u00f3bal, ASOCIRO de la Romana, FFCTT del Distrito Nacional y ASODOCI de New York.<\/p>\n<p>La Vuelta Independencia Nacional de Ciclismo es parte del Ciclo Ol\u00edmpico y por tal motivo otorgar\u00e1 puntos para la clasificaci\u00f3n a los Juegos Ol\u00edmpicos de Tokio, los cuales ser\u00e1n celebrados del\u00a0\u00a024 al 9 agosto del 2020.<\/p>\n<p>El presidente de Fedoci, Blas D\u00edaz revel\u00f3 que el trayecto o ruta de la Vuelta\u00a0\u00a0ya est\u00e1 definido, as\u00ed como los comit\u00e9 de recepci\u00f3n donde los ciclistas estar\u00e1n llegando en cada una de las etapas, \u201cpara darle el colorido y realce que merece el evento\u201d, concluy\u00f3 Blas D\u00edaz.<\/p>\n<p><strong>Recorrido<\/strong><\/p>\n<p>1) Etapa\u00a0\u00a025 de Febrero Santo Domingo \u2013 Autopista Circunvalaci\u00f3n \u2013 La Mina\u00a0\u00a0\u2013 Retorno \u2013 Autopista Circunvalaci\u00f3n \u2013 San Crist\u00f3bal \u2013 Ban\u00ed \u2013 San Jos\u00e9 de Ocoa. 120 KM<\/p>\n<p>2) Etapa\u00a0\u00a026 de Febrero Santo Domingo \u2013 La Romana. 120 Km<\/p>\n<p>3) Etapa 27 de Febrero Circuito el Hig\u00fcero. 110 Km<\/p>\n<p>4) Etapa 28 de Febrero Santo Domingo \u2013 Monte Plata. 120 Km<\/p>\n<p>5) Etapa 01 de Marzo Monte Plata \u2013 San Francisco de Macor\u00eds. 165 Km<\/p>\n<p>6) Etapa 02 de Marzo Moca \u2013 Santiago \u2013 Constanza. 130 Km<\/p>\n<p>7) Etapa 03 de Marzo Circuito \u00e1rea Monumental de Santiago. 110 Km<\/p>\n","protected":false},"excerpt":{"rendered":"<p>Un total de 26 equipos, incluidos 15 internacionales, tomar\u00e1n parte en el tradicional evento que arranca el 25 de este mes con la primera etapa.<\/p>\n","protected":false},"author":13,"featured_media":48304,"comment_status":"closed","ping_status":"closed","sticky":false,"template":"","format":"standard","meta":[],"categories":[2],"tags":[],"acf":[],"_links":{"self":[{"href":"https:\/\/colimdo.org\/wp-api\/wp\/v2\/posts\/48303"}],"collection":[{"href":"https:\/\/colimdo.org\/wp-api\/wp\/v2\/posts"}],"about":[{"href":"https:\/\/colimdo.org\/wp-api\/wp\/v2\/types\/post"}],"author":[{"embeddable":true,"href":"https:\/\/colimdo.org\/wp-api\/wp\/v2\/users\/13"}],"replies":[{"embeddable":true,"href":"https:\/\/colimdo.org\/wp-api\/wp\/v2\/comments?post=48303"}],"version-history":[{"count":1,"href":"https:\/\/colimdo.org\/wp-api\/wp\/v2\/posts\/48303\/revisions"}],"predecessor-version":[{"id":48305,"href":"https:\/\/colimdo.org\/wp-api\/wp\/v2\/posts\/48303\/revisions\/48305"}],"wp:featuredmedia":[{"embeddable":true,"href":"https:\/\/colimdo.org\/wp-api\/wp\/v2\/media\/48304"}],"wp:attachment":[{"href":"https:\/\/colimdo.org\/wp-api\/wp\/v2\/media?parent=48303"}],"wp:term":[{"taxonomy":"category","embeddable":true,"href":"https:\/\/colimdo.org\/wp-api\/wp\/v2\/categories?post=48303"},{"taxonomy":"post_tag","embeddable":true,"href":"https:\/\/colimdo.org\/wp-api\/wp\/v2\/tags?post=48303"}],"curies":[{"name":"wp","href":"https:\/\/api.w.org\/{rel}","templated":true}]}}