{"id":48309,"date":"2019-02-07T02:40:12","date_gmt":"2019-02-07T02:40:12","guid":{"rendered":"https:\/\/colimdo.org\/?p=48309"},"modified":"2019-02-07T03:43:03","modified_gmt":"2019-02-07T03:43:03","slug":"competidores-42-paises-vienen-al-clasificatorio-taekwondo","status":"publish","type":"post","link":"https:\/\/colimdo.org\/noticias\/competidores-42-paises-vienen-al-clasificatorio-taekwondo\/","title":{"rendered":"Competidores de 42 pa\u00edses vendr\u00e1n al Clasificatorio de Taekwondo"},"content":{"rendered":"<p><strong>SANTO DOMINGO<\/strong>. Rep\u00fablica Dominicana acoger\u00e1 del 7 al 10 de marzo venidero el Campeonato Clasificatorio de Taekwondo, donde centenares de atletas de 42 pa\u00edses del continente americano definir\u00e1n en el Palacio del Voleibol de Santo Domingo, las 188 plazas que estar\u00e1n en diputa en los Juegos Panamericanos de Lima 2019.<\/p>\n<p>As\u00ed se dio a conocer este mi\u00e9rcoles en rueda de prensa celebrada en el sal\u00f3n James Rodr\u00edguez del Ministerio de Deportes, encabezada por el ministro, Danilo D\u00edaz, quien es el presidente del Comit\u00e9 Organizador del evento, as\u00ed como por el presidente de la Federaci\u00f3n Dominicana de Taekwondo, Francisco Camacho, y el presidente del Comit\u00e9 Ol\u00edmpico Dominicano (COD), Luis Mej\u00eda Oviedo.<\/p>\n<p>Camacho, al ofrecer detalles de la justa, precis\u00f3 que paralelo al Clasificatorio, se celebrar\u00e1 el Campeonato Abierto (G-1), donde competidores de otros continentes tendr\u00e1n la oportunidad de acumular puntos para los Juegos Ol\u00edmpicos y Campeonatos Mundiales de esa disciplina.<\/p>\n<p>El dirigente destac\u00f3 que la inauguraci\u00f3n del Campeonato Clasificatorio se producir\u00e1 a las 5 de la tarde del 7 de marzo, y que ser\u00e1 un evento m\u00e1s completo que los propios Juegos de Lima, ya que al mismo asistir\u00e1n los mejores atletas de taekwondo del continente.<\/p>\n<p>Precis\u00f3 que de las 188 plazas en total, 109 se definir\u00e1n en la modalidad de combate, 57 en masculino y 42 en femenino, adem\u00e1s de 31 plazas en la categor\u00eda de poomsae (formas). Tambi\u00e9n se disputar\u00e1n 48 plazas en Parataekwondo, 24 por cada sexo, siendo la primera vez que se realiza esta definici\u00f3n.<\/p>\n<p>Camacho agradeci\u00f3 el apoyo del Ministerio de Deportes y del COD y revel\u00f3 que como parte del Campeonato Abierto participar\u00e1n todas las asociaciones miembros de la federaci\u00f3n, lo que reunir\u00e1 a unos 1,000 atletas nacionales y extranjeros, por lo que tambi\u00e9n se competir\u00e1 en el Pabell\u00f3n de Combate de esa disciplina.<\/p>\n<p><strong>Danilo D\u00edaz<\/strong><\/p>\n<p>De su lado, el ministro D\u00edaz resalt\u00f3 que el taekwondo fue la disciplina que permiti\u00f3 a Rep\u00fablica Dominicana figurar en el medallero de los Juegos Ol\u00edmpicos de R\u00edo de Janeiro 2016, con la medalla de bronce que logr\u00f3 Luisito Pie.<\/p>\n<p>Afirm\u00f3 que su decisi\u00f3n de presidir el Comit\u00e9 Organizador de la competici\u00f3n, estuvo fundamentada en ofrecer el respaldo oficial para que el pa\u00eds pueda presentar un gran evento ante las dem\u00e1s naciones del continente y de otras partes del mundo.<\/p>\n<p>En ese orden, destac\u00f3 que el torneo de taekwondo forma parte de la preparaci\u00f3n de la delegaci\u00f3n dominicana que competir\u00e1 en los Juegos Panamericanos de Lima.<\/p>\n<p>Record\u00f3 que Rep\u00fablica Dominicana fue el pa\u00eds que mayor crecimiento alcanz\u00f3 en los pasados Juegos Centroamericanos y del Caribe de Barranquilla 2018, superando casi en un 40 por ciento el n\u00famero de medallas con respecto a la anterior cita de Veracruz 2014.<\/p>\n<p>\u201cTodo esto es resultado del trabajo en equipo entre el Ministerio de Deportes, el Comit\u00e9 Ol\u00edmpico y\u00a0 las federaciones nacionales\u201d, resalt\u00f3 el funcionario.<\/p>\n<p><strong>Luis\u00edn Mej\u00eda<\/strong><\/p>\n<p>El presidente del COD, Luis Mej\u00eda, invit\u00f3 a respaldar a los atletas dominicanos de taekwondo que participar\u00e1n del Campeonato Clasificatorio, al afirmar que esta es una gran oportunidad para verlos en acci\u00f3n dentro de su propio pa\u00eds.<\/p>\n<p><span style=\"font-style: inherit; font-weight: inherit;\">\u201cEl taekwondo dominicano forma parte de la elite deportiva del continente y del mundo. Nuestros atletas son \u00eddolos en otras nacionales y ahora tenemos el privilegio de que compitan ante nosotros, en su tierra\u201d, agreg\u00f3 el tambi\u00e9n miembro del Comit\u00e9 Ol\u00edmpico Internacional (COI).<\/span><\/p>\n<p>De la rueda de prensa tambi\u00e9n participaron el primer vicepresidente del Comit\u00e9 Ol\u00edmpico Dominicano, Antonio Acosta, y el director t\u00e9cnico del Ministerio de Deportes, Antonio (Tony) Mesa.<\/p>\n","protected":false},"excerpt":{"rendered":"<p>El certamen, que se celebrar\u00e1 del 7 al 10 de marzo pr\u00f3ximo, definir\u00e1 las 188 plazas para los Juegos Panamericanos a llevarse a cabo en Lima, Per\u00fa este a\u00f1o. <\/p>\n","protected":false},"author":13,"featured_media":48310,"comment_status":"closed","ping_status":"closed","sticky":false,"template":"","format":"standard","meta":[],"categories":[2],"tags":[],"acf":[],"_links":{"self":[{"href":"https:\/\/colimdo.org\/wp-api\/wp\/v2\/posts\/48309"}],"collection":[{"href":"https:\/\/colimdo.org\/wp-api\/wp\/v2\/posts"}],"about":[{"href":"https:\/\/colimdo.org\/wp-api\/wp\/v2\/types\/post"}],"author":[{"embeddable":true,"href":"https:\/\/colimdo.org\/wp-api\/wp\/v2\/users\/13"}],"replies":[{"embeddable":true,"href":"https:\/\/colimdo.org\/wp-api\/wp\/v2\/comments?post=48309"}],"version-history":[{"count":3,"href":"https:\/\/colimdo.org\/wp-api\/wp\/v2\/posts\/48309\/revisions"}],"predecessor-version":[{"id":48313,"href":"https:\/\/colimdo.org\/wp-api\/wp\/v2\/posts\/48309\/revisions\/48313"}],"wp:featuredmedia":[{"embeddable":true,"href":"https:\/\/colimdo.org\/wp-api\/wp\/v2\/media\/48310"}],"wp:attachment":[{"href":"https:\/\/colimdo.org\/wp-api\/wp\/v2\/media?parent=48309"}],"wp:term":[{"taxonomy":"category","embeddable":true,"href":"https:\/\/colimdo.org\/wp-api\/wp\/v2\/categories?post=48309"},{"taxonomy":"post_tag","embeddable":true,"href":"https:\/\/colimdo.org\/wp-api\/wp\/v2\/tags?post=48309"}],"curies":[{"name":"wp","href":"https:\/\/api.w.org\/{rel}","templated":true}]}}