{"id":48321,"date":"2019-02-07T14:30:39","date_gmt":"2019-02-07T14:30:39","guid":{"rendered":"https:\/\/colimdo.org\/?p=48321"},"modified":"2019-02-07T14:30:39","modified_gmt":"2019-02-07T14:30:39","slug":"peligra-clasificatorio-natacion-panamericanos-atraso-complejo-acuatico-cojp","status":"publish","type":"post","link":"https:\/\/colimdo.org\/noticias\/peligra-clasificatorio-natacion-panamericanos-atraso-complejo-acuatico-cojp\/","title":{"rendered":"Peligra clasificatorio de nataci\u00f3n a Panamericanos por atraso en complejo acu\u00e1tico COJP"},"content":{"rendered":"<p>SANTO DOMINGO. El atraso de los trabajos en la reparaci\u00f3n de la piscina del Parque Acu\u00e1tico del Centro Ol\u00edmpico Juan Pablo Duarte, pone en peligro la celebraci\u00f3n del Campeonato Nacional de Nataci\u00f3n 2019.<\/p>\n<p>El evento nacional est\u00e1 programado para celebrarse del 11 al 14 de marzo, con la participaci\u00f3n de atletas de 9 pa\u00edses.<\/p>\n<p>El mismo ser\u00e1 clasificatorio para los Juegos Ol\u00edmpicos de Tokio y los Panamericanos de Per\u00fa.<\/p>\n<p>De no poder celebrar dicho evento, la Federaci\u00f3n Internacional de Nataci\u00f3n podr\u00eda sancionara a su similar de Rep\u00fablica Dominicana.<\/p>\n<p>En la justa nacional participan los m\u00e1s destacados nadadores de todo el pa\u00eds, en busca de mejorar sus marcas en las diferentes categor\u00edas.<\/p>\n<p>El complejo acu\u00e1tico est\u00e1 cerrado desde el pasado mes de agosto y los ingenieros se comprometieron entregarla 3 meses despu\u00e9s.<\/p>\n<p>La reparaci\u00f3n incluye la reconstrucci\u00f3n completa de la fosa de clavados, que desde varios a\u00f1os se encontraba fuera de uso, debido al deterioro de las bombas de agua<\/p>\n<p>La remoci\u00f3n completa y aplicaci\u00f3n de nuevos \u201cpool coat\u201d para todas las piscinas, la reparaci\u00f3n completa de los pisos \u201cdeck\u201d de toda el \u00e1rea de las piscinas, ba\u00f1os, entre otros elementos menores.<\/p>\n<p>El Complejo Acu\u00e1tico fue construido en el a\u00f1o 1974 para los XII Juegos Centroamericanos y del Caribe.<br \/>\nLuego fue reconstruido y ampliado en el a\u00f1o 2003 para los Juegos Panamericanos celebrados en esta ciudad.<br \/>\nActualmente tiene 4 piscinas: Una fosa de clavados, una piscina de 50 metros con 10 carriles, una piscina de 50 metros con 8 carriles y una piscina de 25 metros y tres carriles.<\/p>\n","protected":false},"excerpt":{"rendered":"<p> El atraso de los trabajos en la reparaci\u00f3n de la piscina del Parque Acu\u00e1tico del Centro Ol\u00edmpico Juan Pablo Duarte, pone en peligro la celebraci\u00f3n del Campeonato Nacional de Nataci\u00f3n 2019.<\/p>\n","protected":false},"author":16,"featured_media":48323,"comment_status":"closed","ping_status":"closed","sticky":false,"template":"","format":"standard","meta":[],"categories":[2,60],"tags":[],"acf":[],"_links":{"self":[{"href":"https:\/\/colimdo.org\/wp-api\/wp\/v2\/posts\/48321"}],"collection":[{"href":"https:\/\/colimdo.org\/wp-api\/wp\/v2\/posts"}],"about":[{"href":"https:\/\/colimdo.org\/wp-api\/wp\/v2\/types\/post"}],"author":[{"embeddable":true,"href":"https:\/\/colimdo.org\/wp-api\/wp\/v2\/users\/16"}],"replies":[{"embeddable":true,"href":"https:\/\/colimdo.org\/wp-api\/wp\/v2\/comments?post=48321"}],"version-history":[{"count":1,"href":"https:\/\/colimdo.org\/wp-api\/wp\/v2\/posts\/48321\/revisions"}],"predecessor-version":[{"id":48324,"href":"https:\/\/colimdo.org\/wp-api\/wp\/v2\/posts\/48321\/revisions\/48324"}],"wp:featuredmedia":[{"embeddable":true,"href":"https:\/\/colimdo.org\/wp-api\/wp\/v2\/media\/48323"}],"wp:attachment":[{"href":"https:\/\/colimdo.org\/wp-api\/wp\/v2\/media?parent=48321"}],"wp:term":[{"taxonomy":"category","embeddable":true,"href":"https:\/\/colimdo.org\/wp-api\/wp\/v2\/categories?post=48321"},{"taxonomy":"post_tag","embeddable":true,"href":"https:\/\/colimdo.org\/wp-api\/wp\/v2\/tags?post=48321"}],"curies":[{"name":"wp","href":"https:\/\/api.w.org\/{rel}","templated":true}]}}