{"id":48345,"date":"2019-02-07T16:29:21","date_gmt":"2019-02-07T16:29:21","guid":{"rendered":"https:\/\/colimdo.org\/?p=48345"},"modified":"2019-02-07T16:29:21","modified_gmt":"2019-02-07T16:29:21","slug":"promesa-italiana-natacion-se-queda-paraplejico-al-dispararle-error","status":"publish","type":"post","link":"https:\/\/colimdo.org\/noticias\/promesa-italiana-natacion-se-queda-paraplejico-al-dispararle-error\/","title":{"rendered":"Promesa italiana de nataci\u00f3n se queda parapl\u00e9jico al dispararle por error"},"content":{"rendered":"<p class=\"canvas-atom canvas-text Mb(1.0em) Mb(0)--sm Mt(0.8em)--sm\" style=\"margin: 0px 0px 1em; color: #000000; font-family: Georgia, 'Times New Roman', serif; font-size: 18px; font-style: normal; font-variant-ligatures: normal; font-variant-caps: normal; font-weight: 400; letter-spacing: normal; orphans: 2; text-align: start; text-indent: 0px; text-transform: none; white-space: normal; widows: 2; word-spacing: 0px; -webkit-text-stroke-width: 0px; background-color: #ffffff; text-decoration-style: initial; text-decoration-color: initial;\"><span class=\"s1\">YAHOO. La carrera de la joven promesa de la nataci\u00f3n en Italia,\u00a0Manuel Bortuzzo, se ha visto truncada por culpa de un\u00a0disparo atribuido a la mafia italiana\u00a0que le ha dejado\u00a0parapl\u00e9jico. Con 19 a\u00f1os de edad, ten\u00eda frente a s\u00ed un futuro brillante\u00a0aunque, desafortunadamente, estuvo en el\u00a0lugar equivocado y en el momento menos oportuno.<\/span><\/p>\n<p class=\"canvas-atom canvas-text Mb(1.0em) Mb(0)--sm Mt(0.8em)--sm\" style=\"margin: 0px 0px 1em; color: #000000; font-family: Georgia, 'Times New Roman', serif; font-size: 18px; font-style: normal; font-variant-ligatures: normal; font-variant-caps: normal; font-weight: 400; letter-spacing: normal; orphans: 2; text-align: start; text-indent: 0px; text-transform: none; white-space: normal; widows: 2; word-spacing: 0px; -webkit-text-stroke-width: 0px; background-color: #ffffff; text-decoration-style: initial; text-decoration-color: initial;\"><span class=\"s1\">El s\u00e1bado\u00a02 de febrero\u00a0sobre las dos de la madrugada, Bortuzzo acudi\u00f3 con su novia y unos amigos a una zona de bares de Roma. En la salida de uno de los locales se produjo una\u00a0fuerte pelea en la que \u00e9l no tuvo nada que ver. Poco despu\u00e9s, mientras se dirig\u00eda a su casa, apareci\u00f3 una motocicleta con dos hombres que\u00a0le dispararon casi a bocajarro. Seg\u00fan las informaciones de medios italianos, la bala entr\u00f3 por el t\u00f3rax, le atraves\u00f3 el pulm\u00f3n y, a la altura de la und\u00e9cima v\u00e9rtebra,\u00a0le da\u00f1\u00f3 la columna vertebral.<\/span><\/p>\n<p class=\"canvas-atom canvas-text Mb(1.0em) Mb(0)--sm Mt(0.8em)--sm\" style=\"margin: 0px 0px 1em; color: #000000; font-family: Georgia, 'Times New Roman', serif; font-size: 18px; font-style: normal; font-variant-ligatures: normal; font-variant-caps: normal; font-weight: 400; letter-spacing: normal; orphans: 2; text-align: start; text-indent: 0px; text-transform: none; white-space: normal; widows: 2; word-spacing: 0px; -webkit-text-stroke-width: 0px; background-color: #ffffff; text-decoration-style: initial; text-decoration-color: initial;\"><span class=\"s1\">\u201cHay una lesi\u00f3n medular completa. La posibilidad de que recupere movilidad en las piernas con los conocimientos actuales no es posible, afirm\u00f3 a la\u00a0Reppublica TV\u00a0Alberto Delitala,\u00a0el director del Departamento de Neurolog\u00eda\u00a0del hospital de la capital italiana, San Camillo.<\/span><\/p>\n<p class=\"canvas-atom canvas-text Mb(1.0em) Mb(0)--sm Mt(0.8em)--sm\" style=\"margin: 0px 0px 1em; color: #000000; font-family: Georgia, 'Times New Roman', serif; font-size: 18px; font-style: normal; font-variant-ligatures: normal; font-variant-caps: normal; font-weight: 400; letter-spacing: normal; orphans: 2; text-align: start; text-indent: 0px; text-transform: none; white-space: normal; widows: 2; word-spacing: 0px; -webkit-text-stroke-width: 0px; background-color: #ffffff; text-decoration-style: initial; text-decoration-color: initial;\"><span class=\"s1\">Antes de confirmarse su paraplejia, Bortuzzo era\u00a0una de las promesas de la nataci\u00f3n a media distancia. Naci\u00f3 en\u00a01999 en Trieste\u00a0y eligi\u00f3 Roma para entrenarse y as\u00ed ampliar sus posibilidades de acceso al equipo nacional. Tras ser hospitalizado,\u00a0los m\u00e9dicos pudieron controlar la hemorragia\u00a0en los pulmones y al despertar le dijo a su padre que no sent\u00eda nada.<\/span><\/p>\n<p class=\"canvas-atom canvas-text Mb(1.0em) Mb(0)--sm Mt(0.8em)--sm\" style=\"margin: 0px 0px 1em; color: #000000; font-family: Georgia, 'Times New Roman', serif; font-size: 18px; font-style: normal; font-variant-ligatures: normal; font-variant-caps: normal; font-weight: 400; letter-spacing: normal; orphans: 2; text-align: start; text-indent: 0px; text-transform: none; white-space: normal; widows: 2; word-spacing: 0px; -webkit-text-stroke-width: 0px; background-color: #ffffff; text-decoration-style: initial; text-decoration-color: initial;\"><span class=\"s1\">\u201cSe enter\u00f3 de la par\u00e1lisis, pero no llor\u00f3\u201d,\u00a0declar\u00f3 Franco Bortuzzo, el padre de la v\u00edctima, al\u00a0Corriere della Sera.\u00a0\u201cSe despert\u00f3 y me dijo:\u00a0\u2018ya no siento nada\u2019. Solo quiero que vuelva a casa\u201d, agreg\u00f3.<\/span><\/p>\n<p class=\"canvas-atom canvas-text Mb(1.0em) Mb(0)--sm Mt(0.8em)--sm\" style=\"margin: 0px 0px 1em; color: #000000; font-family: Georgia, 'Times New Roman', serif; font-size: 18px; font-style: normal; font-variant-ligatures: normal; font-variant-caps: normal; font-weight: 400; letter-spacing: normal; orphans: 2; text-align: start; text-indent: 0px; text-transform: none; white-space: normal; widows: 2; word-spacing: 0px; -webkit-text-stroke-width: 0px; background-color: #ffffff; text-decoration-style: initial; text-decoration-color: initial;\"><span class=\"s1\">A pesar de la impotencia, su progenitor\u00a0no busca que se haga justicia con los autores confesos\u00a0del crimen y as\u00ed se lo dej\u00f3 saber a un periodista del canal de televisi\u00f3n,\u00a0TG Treviso.<\/span><\/p>\n<p class=\"canvas-atom canvas-text Mb(1.0em) Mb(0)--sm Mt(0.8em)--sm\" style=\"margin: 0px 0px 1em; color: #000000; font-family: Georgia, 'Times New Roman', serif; font-size: 18px; font-style: normal; font-variant-ligatures: normal; font-variant-caps: normal; font-weight: 400; letter-spacing: normal; orphans: 2; text-align: start; text-indent: 0px; text-transform: none; white-space: normal; widows: 2; word-spacing: 0px; -webkit-text-stroke-width: 0px; background-color: #ffffff; text-decoration-style: initial; text-decoration-color: initial;\"><span class=\"s1\">\u201c\u00bfQuiere que se haga justicia?\u201d, cuestion\u00f3 el entrevistador.<\/span><\/p>\n<p class=\"canvas-atom canvas-text Mb(1.0em) Mb(0)--sm Mt(0.8em)--sm\" style=\"margin: 0px 0px 1em; color: #000000; font-family: Georgia, 'Times New Roman', serif; font-size: 18px; font-style: normal; font-variant-ligatures: normal; font-variant-caps: normal; font-weight: 400; letter-spacing: normal; orphans: 2; text-align: start; text-indent: 0px; text-transform: none; white-space: normal; widows: 2; word-spacing: 0px; -webkit-text-stroke-width: 0px; background-color: #ffffff; text-decoration-style: initial; text-decoration-color: initial;\"><span class=\"s1\">\u201cNo, quiero que mi hijo vuelva a caminar. Que vuelva a casa. Que est\u00e9 tranquilo, que haga lo que tenga que hacer y basta\u201d, respondi\u00f3 el padre del joven.<\/span><\/p>\n<p class=\"canvas-atom canvas-text Mb(1.0em) Mb(0)--sm Mt(0.8em)--sm\" style=\"margin: 0px 0px 1em; color: #000000; font-family: Georgia, 'Times New Roman', serif; font-size: 18px; font-style: normal; font-variant-ligatures: normal; font-variant-caps: normal; font-weight: 400; letter-spacing: normal; orphans: 2; text-align: start; text-indent: 0px; text-transform: none; white-space: normal; widows: 2; word-spacing: 0px; -webkit-text-stroke-width: 0px; background-color: #ffffff; text-decoration-style: initial; text-decoration-color: initial;\"><span class=\"s1\">Los autores fueron identificados por la Polic\u00eda despu\u00e9s de que se presentaran en una comisar\u00eda cercana junto a sus abogados para\u00a0confesar que eran los autores materiales de los disparos\u00a0y que se hab\u00edan equivocado de objetivo. Se trata de dos\u00a0j\u00f3venes de 24 y 25 a\u00f1os de edad\u00a0que seg\u00fan los reportes pertenecen a la mafia local.<\/span><\/p>\n","protected":false},"excerpt":{"rendered":"<p>Dos hombres perteneciente a la mafia le dispararon err\u00f3neamente, cuasandole las lesiones que lo mantienen parapl\u00e9jico.<\/p>\n","protected":false},"author":16,"featured_media":48346,"comment_status":"closed","ping_status":"closed","sticky":false,"template":"","format":"standard","meta":[],"categories":[2,60],"tags":[],"acf":[],"_links":{"self":[{"href":"https:\/\/colimdo.org\/wp-api\/wp\/v2\/posts\/48345"}],"collection":[{"href":"https:\/\/colimdo.org\/wp-api\/wp\/v2\/posts"}],"about":[{"href":"https:\/\/colimdo.org\/wp-api\/wp\/v2\/types\/post"}],"author":[{"embeddable":true,"href":"https:\/\/colimdo.org\/wp-api\/wp\/v2\/users\/16"}],"replies":[{"embeddable":true,"href":"https:\/\/colimdo.org\/wp-api\/wp\/v2\/comments?post=48345"}],"version-history":[{"count":1,"href":"https:\/\/colimdo.org\/wp-api\/wp\/v2\/posts\/48345\/revisions"}],"predecessor-version":[{"id":48347,"href":"https:\/\/colimdo.org\/wp-api\/wp\/v2\/posts\/48345\/revisions\/48347"}],"wp:featuredmedia":[{"embeddable":true,"href":"https:\/\/colimdo.org\/wp-api\/wp\/v2\/media\/48346"}],"wp:attachment":[{"href":"https:\/\/colimdo.org\/wp-api\/wp\/v2\/media?parent=48345"}],"wp:term":[{"taxonomy":"category","embeddable":true,"href":"https:\/\/colimdo.org\/wp-api\/wp\/v2\/categories?post=48345"},{"taxonomy":"post_tag","embeddable":true,"href":"https:\/\/colimdo.org\/wp-api\/wp\/v2\/tags?post=48345"}],"curies":[{"name":"wp","href":"https:\/\/api.w.org\/{rel}","templated":true}]}}