{"id":48348,"date":"2019-02-07T16:52:01","date_gmt":"2019-02-07T16:52:01","guid":{"rendered":"https:\/\/colimdo.org\/?p=48348"},"modified":"2019-02-07T16:52:01","modified_gmt":"2019-02-07T16:52:01","slug":"rd-enfrentara-uruguay-grupo-i-america-copa-davis","status":"publish","type":"post","link":"https:\/\/colimdo.org\/noticias\/rd-enfrentara-uruguay-grupo-i-america-copa-davis\/","title":{"rendered":"RD enfrentar\u00e1 a Uruguay en Grupo I de Am\u00e9rica en Copa Davis"},"content":{"rendered":"<p>SANTO\u00a0 DOMINGO. La selecci\u00f3n superior de tenis de la Rep\u00fablica Dominicana enfrentar\u00e1 a la de Uruguay como parte de su serie en el Grupo I de Am\u00e9rica en la Copa Davis.<br \/>\nEl conjunto dominicano jugar\u00e1 como visitante ante Uruguay, en el duelo pautado para septiembre del a\u00f1o en curso, luego de que el mi\u00e9rcoles fuera efectuado el sorteo de los equipos de los grupos I y II de Am\u00e9rica.<br \/>\nEn el otro enfrentamiento del Grupo I, Barbados visitar\u00e1 a Brasil, mientras en el Grupo II, Guatemala recibir\u00e1 a Bolivia y el Salvador a Per\u00fa, en tanto M\u00e9xico ir\u00e1 a Paraguay.<br \/>\nEstas series podr\u00edan jugarse en abril o en septiembre.<\/p>\n","protected":false},"excerpt":{"rendered":"<p>Ambos equipos disputar\u00e1n su serie del Grupo I de Am\u00e9rica en septiembre pr\u00f3ximo.<\/p>\n","protected":false},"author":16,"featured_media":48349,"comment_status":"closed","ping_status":"closed","sticky":false,"template":"","format":"standard","meta":[],"categories":[2,60],"tags":[],"acf":[],"_links":{"self":[{"href":"https:\/\/colimdo.org\/wp-api\/wp\/v2\/posts\/48348"}],"collection":[{"href":"https:\/\/colimdo.org\/wp-api\/wp\/v2\/posts"}],"about":[{"href":"https:\/\/colimdo.org\/wp-api\/wp\/v2\/types\/post"}],"author":[{"embeddable":true,"href":"https:\/\/colimdo.org\/wp-api\/wp\/v2\/users\/16"}],"replies":[{"embeddable":true,"href":"https:\/\/colimdo.org\/wp-api\/wp\/v2\/comments?post=48348"}],"version-history":[{"count":1,"href":"https:\/\/colimdo.org\/wp-api\/wp\/v2\/posts\/48348\/revisions"}],"predecessor-version":[{"id":48350,"href":"https:\/\/colimdo.org\/wp-api\/wp\/v2\/posts\/48348\/revisions\/48350"}],"wp:featuredmedia":[{"embeddable":true,"href":"https:\/\/colimdo.org\/wp-api\/wp\/v2\/media\/48349"}],"wp:attachment":[{"href":"https:\/\/colimdo.org\/wp-api\/wp\/v2\/media?parent=48348"}],"wp:term":[{"taxonomy":"category","embeddable":true,"href":"https:\/\/colimdo.org\/wp-api\/wp\/v2\/categories?post=48348"},{"taxonomy":"post_tag","embeddable":true,"href":"https:\/\/colimdo.org\/wp-api\/wp\/v2\/tags?post=48348"}],"curies":[{"name":"wp","href":"https:\/\/api.w.org\/{rel}","templated":true}]}}