{"id":48358,"date":"2019-02-07T19:14:35","date_gmt":"2019-02-07T19:14:35","guid":{"rendered":"https:\/\/colimdo.org\/?p=48358"},"modified":"2019-02-07T19:14:35","modified_gmt":"2019-02-07T19:14:35","slug":"karina-monsanto-reasume-presidenta-gimnasia-la-vega","status":"publish","type":"post","link":"https:\/\/colimdo.org\/noticias\/karina-monsanto-reasume-presidenta-gimnasia-la-vega\/","title":{"rendered":"Karina Monsanto reasume como presidenta gimnasia de La Vega"},"content":{"rendered":"<p><b><span lang=\"ES-DO\">LA VEGA<\/span><\/b><span lang=\"ES-DO\">. La dirigente deportivo Karina Monsanto qued\u00f3 electa presidenta de la Asociaci\u00f3n de Gimnasia de La Vega (<\/span><span lang=\"ES\">Asogive)\u00a0<\/span><span lang=\"ES-DO\">durante los comicios celebrados el pasado fin de semana\u00a0<\/span><span lang=\"ES\">en el Centro Juvenil \u00a0Salesiano (Dosa) de esta provincia.<\/span><\/p>\n<p><span lang=\"ES-DO\">Karina, quien encabez\u00f3 la plancha \u201c<\/span><span lang=\"ES\">Unidad, Proyecci\u00f3n y Desarrollo\u201d encabezar\u00e1 por los pr\u00f3ximos dos a\u00f1os el nuevo comit\u00e9 ejecutivo de la Asociaci\u00f3n de Gimnasia de La Vega.<\/span><\/p>\n<p><span lang=\"ES-DO\">Adem\u00e1s de Monsanto, integran adem\u00e1s la nueva directiva de la Asociaci\u00f3n de Gimnasia de La Vega el profesor Domingo Villar, como vicepresidente; Juan Monsanto, secretario general; la licenciada Wanda Genao, como tesorera, y la vocal, licenciada Fabricia Lapaix.<\/span><\/p>\n<p><span lang=\"ES\">Karina Monsanto, quien hab\u00eda sido presidenta de la entidad hace algunos a\u00f1os y se manten\u00eda como secretaria general, asumi\u00f3 la responsabilidad de trabajar para el desarrollo de la gimnasia vegana y se comprometi\u00f3 a hacer un trabajo donde La Vega pueda exhibir \u00a0los mejores gimnastas.<\/span><\/p>\n<p><span lang=\"ES-DO\">La comisi\u00f3n electoral estuvo integrada por el ingeniero Edwin Rodr\u00edguez, presidente de la Federaci\u00f3n Dominicana de Gimnasia (Fedogim), as\u00ed como el licenciado Fernando Whyte, secretario general de la Fedogim, y el ingeniero Eliseo Sol\u00eds.<\/span><\/p>\n<p><span lang=\"ES-DO\">Luego de la juramentaci\u00f3n del nuevo comit\u00e9 ejecutivo de la Asogive, realizada por el licenciado Whyte, el presidente de la Fedogim, ingeniero Edwin Rodr\u00edguez, exhort\u00f3 a los nuevos incumbes de la gimnasia vegana a \u201c<\/span><span lang=\"ES\">realizar un trabajo donde se destaque el desarrollo y la unidad de los integrantes a favor de los atletas, los cuales cuentan con un futuro inmediato\u201d.<\/span><\/p>\n<p><span lang=\"ES-DO\">El presidente de la Fedogim consider\u00f3 que los j\u00f3venes gimnastas de la Asogive cuentan con suficiente talento para sobresalir en ese deporte.<\/span><\/p>\n<p>&nbsp;<\/p>\n","protected":false},"excerpt":{"rendered":"<p>Monsanto, quien encabez\u00f3 la plancha \u201cUnidad, Proyecci\u00f3n y Desarrollo\u201d encabezar\u00e1 por los pr\u00f3ximos dos a\u00f1os el nuevo comit\u00e9 ejecutivo de la Asociaci\u00f3n de Gimnasia de La Vega.<\/p>\n","protected":false},"author":16,"featured_media":48359,"comment_status":"closed","ping_status":"closed","sticky":false,"template":"","format":"standard","meta":[],"categories":[3,2,60],"tags":[],"acf":[],"_links":{"self":[{"href":"https:\/\/colimdo.org\/wp-api\/wp\/v2\/posts\/48358"}],"collection":[{"href":"https:\/\/colimdo.org\/wp-api\/wp\/v2\/posts"}],"about":[{"href":"https:\/\/colimdo.org\/wp-api\/wp\/v2\/types\/post"}],"author":[{"embeddable":true,"href":"https:\/\/colimdo.org\/wp-api\/wp\/v2\/users\/16"}],"replies":[{"embeddable":true,"href":"https:\/\/colimdo.org\/wp-api\/wp\/v2\/comments?post=48358"}],"version-history":[{"count":1,"href":"https:\/\/colimdo.org\/wp-api\/wp\/v2\/posts\/48358\/revisions"}],"predecessor-version":[{"id":48360,"href":"https:\/\/colimdo.org\/wp-api\/wp\/v2\/posts\/48358\/revisions\/48360"}],"wp:featuredmedia":[{"embeddable":true,"href":"https:\/\/colimdo.org\/wp-api\/wp\/v2\/media\/48359"}],"wp:attachment":[{"href":"https:\/\/colimdo.org\/wp-api\/wp\/v2\/media?parent=48358"}],"wp:term":[{"taxonomy":"category","embeddable":true,"href":"https:\/\/colimdo.org\/wp-api\/wp\/v2\/categories?post=48358"},{"taxonomy":"post_tag","embeddable":true,"href":"https:\/\/colimdo.org\/wp-api\/wp\/v2\/tags?post=48358"}],"curies":[{"name":"wp","href":"https:\/\/api.w.org\/{rel}","templated":true}]}}