{"id":48364,"date":"2019-02-07T23:56:46","date_gmt":"2019-02-07T23:56:46","guid":{"rendered":"https:\/\/colimdo.org\/?p=48364"},"modified":"2019-02-07T23:56:46","modified_gmt":"2019-02-07T23:56:46","slug":"mejia-juramenta-este-viernes-nuevo-consejo-ejecutivo-la-acd","status":"publish","type":"post","link":"https:\/\/colimdo.org\/noticias\/mejia-juramenta-este-viernes-nuevo-consejo-ejecutivo-la-acd\/","title":{"rendered":"Mej\u00eda juramenta este viernes nuevo Consejo Ejecutivo de la ACD"},"content":{"rendered":"<p style=\"font-weight: 400;\">SANTO DOMINGO.- El nuevo Consejo Ejecutivo de la Asociaci\u00f3n de Cronistas de Santo Domingo (ACD) ser\u00e1 juramentado este viernes 8, durante un solemne acto, a efectuarse en el local del Comit\u00e9 Ol\u00edmpico Dominicano (COD), en la ciudad capital.<\/p>\n<p style=\"font-weight: 400;\">La actividad ha sido programada para el medio d\u00eda y ser\u00e1 encabezada por el licenciado Luis Mej\u00eda Oviedo (Luis\u00edn), presidente del COD, quien tendr\u00e1 a bien juramentar a los miembros del Consejo Ejecutivo acede\u00edsta, junto al reci\u00e9n reelecto presidente de esta instituci\u00f3n, periodista Ram\u00f3n Cuello Segura.<\/p>\n<p style=\"font-weight: 400;\">Junto a Cuello, que presidir\u00e1 durante el per\u00edodo 2019-2021, y que agotar\u00e1 si quinto mandato al frente del gremio, resultaron electos los comunicadores deportivos Am\u00e9rico Celado, primer vicepresidente; Odalis S\u00e1nchez, segundo vicepresidente; Neftal\u00ed Ruiz, secretario general, Ivanovich Medina, co-secretario; Porfirio de Jes\u00fas, tesorero y los vocales Jos\u00e9 Antonio Mena, F\u00e9lix Rafael D\u00edaz y V\u00edctor Candelario Alc\u00e1ntara.<\/p>\n<p style=\"font-weight: 400;\">Mediante un despacho de prensa, Ram\u00f3n Cuello, presidente de la ACD, exhort\u00f3 a todos los miembros a que asistan temprano a respaldar la actividad, en la que estar\u00e1n presentes tambi\u00e9n otros distinguidos miembros del actual Consejo Ejecutivo del COD<\/p>\n<p style=\"font-weight: 400;\">El certamen electoral acede\u00edsta, del cual result\u00f3 electa la nueva directiva, fue organizado por una \u2018Comisi\u00f3n, que integraron el profesor Adriano de la Cruz (Colegio Dominicano de Periodistas (CDP); profesor Luis Elpidio Cumba (Comit\u00e9 Ol\u00edmpico Dominicano (COD); junto al doctor Pedro Rodr\u00edguez Montero, miembro del Colegio Dominicano de Notarios.<\/p>\n","protected":false},"excerpt":{"rendered":"<p>SANTO DOMINGO.- El nuevo Consejo Ejecutivo de la Asociaci\u00f3n de Cronistas de Santo Domingo (ACD) ser\u00e1 juramentado este viernes 8, durante un solemne acto, a efectuarse en el local del Comit\u00e9 Ol\u00edmpico Dominicano (COD), en la ciudad capital. La actividad ha sido programada para el medio d\u00eda y ser\u00e1 encabezada por el licenciado Luis Mej\u00eda [&hellip;]<\/p>\n","protected":false},"author":9,"featured_media":48365,"comment_status":"closed","ping_status":"closed","sticky":false,"template":"","format":"standard","meta":[],"categories":[2,60],"tags":[],"acf":[],"_links":{"self":[{"href":"https:\/\/colimdo.org\/wp-api\/wp\/v2\/posts\/48364"}],"collection":[{"href":"https:\/\/colimdo.org\/wp-api\/wp\/v2\/posts"}],"about":[{"href":"https:\/\/colimdo.org\/wp-api\/wp\/v2\/types\/post"}],"author":[{"embeddable":true,"href":"https:\/\/colimdo.org\/wp-api\/wp\/v2\/users\/9"}],"replies":[{"embeddable":true,"href":"https:\/\/colimdo.org\/wp-api\/wp\/v2\/comments?post=48364"}],"version-history":[{"count":1,"href":"https:\/\/colimdo.org\/wp-api\/wp\/v2\/posts\/48364\/revisions"}],"predecessor-version":[{"id":48366,"href":"https:\/\/colimdo.org\/wp-api\/wp\/v2\/posts\/48364\/revisions\/48366"}],"wp:featuredmedia":[{"embeddable":true,"href":"https:\/\/colimdo.org\/wp-api\/wp\/v2\/media\/48365"}],"wp:attachment":[{"href":"https:\/\/colimdo.org\/wp-api\/wp\/v2\/media?parent=48364"}],"wp:term":[{"taxonomy":"category","embeddable":true,"href":"https:\/\/colimdo.org\/wp-api\/wp\/v2\/categories?post=48364"},{"taxonomy":"post_tag","embeddable":true,"href":"https:\/\/colimdo.org\/wp-api\/wp\/v2\/tags?post=48364"}],"curies":[{"name":"wp","href":"https:\/\/api.w.org\/{rel}","templated":true}]}}