{"id":48367,"date":"2019-02-08T00:01:21","date_gmt":"2019-02-08T00:01:21","guid":{"rendered":"https:\/\/colimdo.org\/?p=48367"},"modified":"2019-02-08T00:01:39","modified_gmt":"2019-02-08T00:01:39","slug":"cibao-fc-anuncia-la-firma-del-defensa-central-ismael-diaz","status":"publish","type":"post","link":"https:\/\/colimdo.org\/noticias\/cibao-fc-anuncia-la-firma-del-defensa-central-ismael-diaz\/","title":{"rendered":"Cibao FC anuncia la firma del defensa central Ismael Diaz"},"content":{"rendered":"<p style=\"font-weight: 400;\"><strong>SANTIAGO. &#8211; <\/strong>El Cibao F\u00fatbol Club anunci\u00f3 la contrataci\u00f3n de Luis Ismael D\u00edaz (Pinta), un Defensa Central dominicano de 29 a\u00f1os de edad, dentro de su proyecto de remozar el equipo para la V temporada de la Liga Dominicana de Futbol (LDF), prevista para el 30 de marzo pr\u00f3ximo.<\/p>\n<p style=\"font-weight: 400;\">D\u00edaz mide 5\u00b47\u00b4\u00b4de estatura y 145 libras de peso, tiene experiencia en el circuito y se une a los campeones, en su \u00faltimo movimiento anunciado.<\/p>\n<p style=\"font-weight: 400;\">Ismael D\u00edaz comenz\u00f3\u00a0a jugar futbol en el club campamento 16 de agosto, despu\u00e9s pas\u00f3 al Sporting que era el equipo de segunda divisi\u00f3n del Barcelona. Luego fue promovi\u00f3 al primer equipo, y de ah\u00ed cruz\u00f3 a jugar con el Bob Soccer School donde durante varios a\u00f1os.<\/p>\n<p style=\"font-weight: 400;\">En el 2016 fue parte del club Barcelona Atl\u00e9tico de Santo Domingo, que gan\u00f3 la Liga Dominicana de f\u00fatbol<\/p>\n<p style=\"font-weight: 400;\">Ha sido convocado a la selecci\u00f3n Nacional, viendo acci\u00f3n en varios partidos internacionales.\u00a0Y fue parte en 2015 del equipo Nacional que gan\u00f3 la copa Quisqueya frente a Haiti, siendo el jugador que marc\u00f3 el gol ganador.<\/p>\n<p style=\"font-weight: 400;\"><strong>SIGUEN LOS ENTRENAMIENTOS<\/strong><\/p>\n<p style=\"font-weight: 400;\">De otro lado los jugadores del Cibao FC entraron esta semana al campo de entrenamientos de pretemporada, bajo la tutela del DT Edward Acevedo, trabajando la parte f\u00edsica, poni\u00e9ndose en forma, tras el periodo de vacaciones. Tambi\u00e9n se est\u00e1 trabajando el sistema de juego.<\/p>\n<p style=\"font-weight: 400;\">El pasado martes 5 de febrero, fueron realizadas las pruebas m\u00e9dicas, y ya el martes 12 de febrero se realizar\u00e1 el primer partido de pretemporada, Cibao FC vs Atl\u00e9tico Pantoja, en el estadio Cibao FC a las 7:00 p.m.<\/p>\n<p style=\"font-weight: 400;\">El equipo Naranja es el campe\u00f3n de la LDF, logrando el t\u00edtulo en la IV temporada de la joven Liga dominicana de Futbol Profesional. Ese \u00e9xito lo suma al conquistado en el 2017 cuando se alzaron con la copa de campe\u00f3n del torneo de clubes Campeones de la Concacaf, un hecho sin precedentes hasta ese momento, para el futbol criollo.<\/p>\n","protected":false},"excerpt":{"rendered":"<p>SANTIAGO. &#8211; El Cibao F\u00fatbol Club anunci\u00f3 la contrataci\u00f3n de Luis Ismael D\u00edaz (Pinta), un Defensa Central dominicano de 29 a\u00f1os de edad, dentro de su proyecto de remozar el equipo para la V temporada de la Liga Dominicana de Futbol (LDF), prevista para el 30 de marzo pr\u00f3ximo. D\u00edaz mide 5\u00b47\u00b4\u00b4de estatura y 145 [&hellip;]<\/p>\n","protected":false},"author":9,"featured_media":48368,"comment_status":"closed","ping_status":"closed","sticky":false,"template":"","format":"standard","meta":[],"categories":[2,60],"tags":[],"acf":[],"_links":{"self":[{"href":"https:\/\/colimdo.org\/wp-api\/wp\/v2\/posts\/48367"}],"collection":[{"href":"https:\/\/colimdo.org\/wp-api\/wp\/v2\/posts"}],"about":[{"href":"https:\/\/colimdo.org\/wp-api\/wp\/v2\/types\/post"}],"author":[{"embeddable":true,"href":"https:\/\/colimdo.org\/wp-api\/wp\/v2\/users\/9"}],"replies":[{"embeddable":true,"href":"https:\/\/colimdo.org\/wp-api\/wp\/v2\/comments?post=48367"}],"version-history":[{"count":2,"href":"https:\/\/colimdo.org\/wp-api\/wp\/v2\/posts\/48367\/revisions"}],"predecessor-version":[{"id":48370,"href":"https:\/\/colimdo.org\/wp-api\/wp\/v2\/posts\/48367\/revisions\/48370"}],"wp:featuredmedia":[{"embeddable":true,"href":"https:\/\/colimdo.org\/wp-api\/wp\/v2\/media\/48368"}],"wp:attachment":[{"href":"https:\/\/colimdo.org\/wp-api\/wp\/v2\/media?parent=48367"}],"wp:term":[{"taxonomy":"category","embeddable":true,"href":"https:\/\/colimdo.org\/wp-api\/wp\/v2\/categories?post=48367"},{"taxonomy":"post_tag","embeddable":true,"href":"https:\/\/colimdo.org\/wp-api\/wp\/v2\/tags?post=48367"}],"curies":[{"name":"wp","href":"https:\/\/api.w.org\/{rel}","templated":true}]}}