{"id":48374,"date":"2019-02-08T00:14:08","date_gmt":"2019-02-08T00:14:08","guid":{"rendered":"https:\/\/colimdo.org\/?p=48374"},"modified":"2019-02-08T00:14:08","modified_gmt":"2019-02-08T00:14:08","slug":"celebraran-tercera-gala-reconocimientos-del-tenis-dominicano","status":"publish","type":"post","link":"https:\/\/colimdo.org\/noticias\/celebraran-tercera-gala-reconocimientos-del-tenis-dominicano\/","title":{"rendered":"Celebrar\u00e1n Tercera Gala de Reconocimientos del Tenis Dominicano"},"content":{"rendered":"<p style=\"font-weight: 400;\">La Galer\u00eda de la Fama del Tenis Dominicano celebrar\u00e1 el viernes 15 de febrero su Tercera Gala de Reconocimientos, a partir de las 7:00 de la noche, en el Sal\u00f3n Principal del Club Deportivo Naco.<\/p>\n<p style=\"font-weight: 400;\">Los detalles del evento fueron dados a conocer por el periodista Mario Emilio Guerrero, presidente de la Galer\u00eda de la Fama del Tenis Dominicano, en el transcurso de una rueda de prensa celebrada este mi\u00e9rcoles, donde estuvo acompa\u00f1ado del presidente del Club Deportivo Naco, doctor Luis Miguel Pou Guerra y del tesorero de esta entidad, Ernesto Mart\u00ednez.<\/p>\n<p style=\"font-weight: 400;\">La Gala 2019 cuenta con el patrocinio del Ministerio Administrativo de la Presidencia, Club Deportivo Naco, Grupo Mercasid, Ayuntamiento del Distrito Nacional, Seguros Universal, TransOil, Vin\u00edcola del Norte, Coca-Cola y Vallas Noble.<\/p>\n<p style=\"font-weight: 400;\">En el acto se rendir\u00e1 un merecido homenaje a un selecto grupo de personalidades y entidades por su contribuci\u00f3n al desarrollo de tenis en nuestro pa\u00eds.<\/p>\n<p style=\"font-weight: 400;\">Las figuras hist\u00f3ricas del tenis dominicano que ser\u00e1n reconocidas en esta edici\u00f3n de la Gala son, Ar\u00edstides Ravelo \u00c1lvarez, Francisco Augusto Jupiter Vicioso, Altagracia Morales de Altagracia, Luis Augusto Ginebra Hern\u00e1ndez (Payo), Henri Gaz\u00f3n Cabral y Fernando \u00c1lvarez Pelegr\u00edn y Gilberto Pellerano Baehr (Lull\u00fa), todos ellos destacados jugadores o grandes propulsores del tenis dominicano.<\/p>\n<p style=\"font-weight: 400;\">Los reconocimientos a Jupiter Vicioso, Ginebra Hern\u00e1ndez, \u00c1lvarez Pelegr\u00edn y Pellerano Baehr se har\u00e1n a t\u00edtulo p\u00f3stumo.<\/p>\n<p style=\"font-weight: 400;\">La actividad de este a\u00f1o tendr\u00e1 una especial dedicatoria al Santo Domingo Tennis Club y tambi\u00e9n ser\u00e1n homenajeados la familia Bonetti y los hermanos Emilio y Pedro Pimentel, exjugadores y propulsores, por sus aportes al tenis nacional.<\/p>\n<p style=\"font-weight: 400;\">Adem\u00e1s,\u00a0se iniciar\u00e1 el programa de patrocinios de j\u00f3venes talentos en el tenis, a cargo del Fondo Jos\u00e9 Ravelo &#8211; Carmen Jane Bogaert, creado para esos fines.<\/p>\n<p style=\"font-weight: 400;\">En la Primera Gala celebrada en 2017 fueron reconocidos, Jos\u00e9 Ravelo \u00c1lvarez, Carlos Le\u00f3n Pumarol, Aminta Thormann de G\u00f3mez, Carmen Jane Bogaert, George Arzeno Brugal, Jos\u00e9 Le\u00f3n Asensio y Ram\u00f3n \u2013Papo\u2013 Men\u00e9ndez Garc\u00eda.<\/p>\n<p style=\"font-weight: 400;\">El pasado a\u00f1o los homenajeados fueron Fernando Ravelo \u00c1lvarez, Leonardo Porcella Le\u00f3n (Nano), Mercedes Yang\u00fcela de Fern\u00e1ndez (Chelena), Ram\u00f3n Camacho Tejada, los esposos Clody y Dionis Bernal, Gustavo G\u00f3mez Salado y Tancredo Aybar Castellanos.<\/p>\n","protected":false},"excerpt":{"rendered":"<p>La Galer\u00eda de la Fama del Tenis Dominicano celebrar\u00e1 el viernes 15 de febrero su Tercera Gala de Reconocimientos, a partir de las 7:00 de la noche, en el Sal\u00f3n Principal del Club Deportivo Naco. Los detalles del evento fueron dados a conocer por el periodista Mario Emilio Guerrero, presidente de la Galer\u00eda de la [&hellip;]<\/p>\n","protected":false},"author":9,"featured_media":48375,"comment_status":"closed","ping_status":"closed","sticky":false,"template":"","format":"standard","meta":[],"categories":[2,60],"tags":[],"acf":[],"_links":{"self":[{"href":"https:\/\/colimdo.org\/wp-api\/wp\/v2\/posts\/48374"}],"collection":[{"href":"https:\/\/colimdo.org\/wp-api\/wp\/v2\/posts"}],"about":[{"href":"https:\/\/colimdo.org\/wp-api\/wp\/v2\/types\/post"}],"author":[{"embeddable":true,"href":"https:\/\/colimdo.org\/wp-api\/wp\/v2\/users\/9"}],"replies":[{"embeddable":true,"href":"https:\/\/colimdo.org\/wp-api\/wp\/v2\/comments?post=48374"}],"version-history":[{"count":1,"href":"https:\/\/colimdo.org\/wp-api\/wp\/v2\/posts\/48374\/revisions"}],"predecessor-version":[{"id":48376,"href":"https:\/\/colimdo.org\/wp-api\/wp\/v2\/posts\/48374\/revisions\/48376"}],"wp:featuredmedia":[{"embeddable":true,"href":"https:\/\/colimdo.org\/wp-api\/wp\/v2\/media\/48375"}],"wp:attachment":[{"href":"https:\/\/colimdo.org\/wp-api\/wp\/v2\/media?parent=48374"}],"wp:term":[{"taxonomy":"category","embeddable":true,"href":"https:\/\/colimdo.org\/wp-api\/wp\/v2\/categories?post=48374"},{"taxonomy":"post_tag","embeddable":true,"href":"https:\/\/colimdo.org\/wp-api\/wp\/v2\/tags?post=48374"}],"curies":[{"name":"wp","href":"https:\/\/api.w.org\/{rel}","templated":true}]}}