{"id":48383,"date":"2019-02-08T14:06:37","date_gmt":"2019-02-08T14:06:37","guid":{"rendered":"https:\/\/colimdo.org\/?p=48383"},"modified":"2019-02-08T14:06:37","modified_gmt":"2019-02-08T14:06:37","slug":"amb-mantendra-canelo-doble-campeon","status":"publish","type":"post","link":"https:\/\/colimdo.org\/noticias\/amb-mantendra-canelo-doble-campeon\/","title":{"rendered":"AMB mantendr\u00e1 a Canelo como doble campe\u00f3n"},"content":{"rendered":"<p>ESPN. La Asociaci\u00f3n Mundial de Boxeo permitir\u00e1 al boxeador mexicano Sa\u00fal &#8216;Canelo&#8217; \u00c1lvarez mantenerse como campe\u00f3n de peso Medio y Supermediano, de acuerdo con un comunicado publicado este jueves, por lo que a su pr\u00f3xima batalla subir\u00e1como doble monarca del organismo.<\/p>\n<p>\u201cEl Comit\u00e9 de Campeonatos de la AMB ratific\u00f3 a Sa\u00fal \u2018Canelo\u2019 \u00c1lvarez como campe\u00f3n Mediano y S\u00fapermediano. \u2018Canelo\u2019 obtuvo el S\u00faper Campeonato AMB de las 160 libras el pasado mes de septiembre de 2018, cuando venci\u00f3 a Gennady Golovkin por decisi\u00f3n mayoritaria y que defender\u00e1 en mayo ante Daniel Jacobs, monarca de la divisi\u00f3n en la Federaci\u00f3n Internacional de Boxeo (FIB). Mientras que el cintur\u00f3n AMB de las 168 libras lo alcanz\u00f3 en diciembre del a\u00f1o pasado, cuando derrot\u00f3 a Rocky Fielding por nocaut t\u00e9cnico en el tercer asalto\u201d, expresaron en el informe.<\/p>\n<p>De esta forma, \u00c1lvarez podr\u00e1 ser campe\u00f3n de dos divisiones de la misma forma en que Floyd Mayweather lo fue cuando ostent\u00f3 cetros del organismo tanto en la divisi\u00f3n de los Welters como en la de los Superwelters, lo cual sucedi\u00f3 entre 2013 y 2014.<\/p>\n<p><strong>QUIEREN ENFRENTAR A SHAKUR STEVENSON Y \u2018PITUFO\u2019 D\u00cdAZ<\/strong><\/p>\n<p>Top Rank planea enfrentar el pr\u00f3ximo 20 de abril en el Madison Square Garden de Nueva York al ascendente ol\u00edmpico estadounidense Shakur Stevenson y al contendiente puertorrique\u00f1o Christofer \u2018Pitufo\u2019 D\u00edaz, en una pelea de mucho peligro para ambos, pero principalmente para Stevenson.<\/p>\n<p>Originalmente se hab\u00eda anunciado que este 17 de marzo \u2018Pitufo\u2019 D\u00edaz se iba a enfrentar a Jessie Magdaleno en Nuev York, en el respaldo de una cartelera que ser\u00e1 estelarizada por el irland\u00e9s Michael Conlan; sin embargo, al saber de una oferta m\u00e1s atractiva ante Stevenson, no dudaron mucho en tomarla.<\/p>\n<p>Stevenson tiene tiene marca de 10-0 con 6 nocauts, mientras que D\u00edaz lo har\u00e1 con 24-1 y 16 nocauts. En el turno principal de la velada, Terence Crawford expondr\u00e1 el cetro welter OMB ante Amir Khan, mientras que se analiza la posibilidad de montar la revancha entre Emanuel Navarrete e Isaac Dogboe.<\/p>\n<p><strong>EN MARZO, ELIMINATORIA DE \u2018REY\u2019 MART\u00cdNEZ Y SELBY<\/strong><\/p>\n<p>El 9 o 23 de marzo se realizar\u00e1 la eliminatoria para disputar el t\u00edtulo Mosca del Consejo Mundial de Boxeo entre los altos clasificados Julio C\u00e9sar \u2018Rey\u2019 Mart\u00ednez y Andrew Selby, de acuerdo con fuentes cercanas a las negociaciones, luego que el gal\u00e9s cancelara la pelea programada inicialmente para enero.<\/p>\n<p>Clase y Talento de Eddy Reynoso fue la empresa que gan\u00f3 la subasta para realizar el combate en busca de conseguir una oportunidad por el faj\u00edn verde y oro de las 112 libras en contra de Charlie Edwards, quien viene de destronar al nicarag\u00fcense Cristofer Rosales.<\/p>\n<p>Los nuevos contratos han sido enviados y s\u00f3lo se espera la firma del peleador europeo para poder anunciar la fecha de manera formal, lo cual incluir\u00e1 ya la sede del encuentro, ya que en un inicio estaba presupuestada para realizarse en Ciudad Guzm\u00e1n, Jalisco.<\/p>\n<p>&nbsp;<\/p>\n","protected":false},"excerpt":{"rendered":"<p>Con est\u00e1 medida el mexicano subir\u00e1 al ring como doble monarca en su pr\u00f3xima pelea.<\/p>\n","protected":false},"author":16,"featured_media":48384,"comment_status":"closed","ping_status":"closed","sticky":false,"template":"","format":"standard","meta":[],"categories":[2,60],"tags":[],"acf":[],"_links":{"self":[{"href":"https:\/\/colimdo.org\/wp-api\/wp\/v2\/posts\/48383"}],"collection":[{"href":"https:\/\/colimdo.org\/wp-api\/wp\/v2\/posts"}],"about":[{"href":"https:\/\/colimdo.org\/wp-api\/wp\/v2\/types\/post"}],"author":[{"embeddable":true,"href":"https:\/\/colimdo.org\/wp-api\/wp\/v2\/users\/16"}],"replies":[{"embeddable":true,"href":"https:\/\/colimdo.org\/wp-api\/wp\/v2\/comments?post=48383"}],"version-history":[{"count":1,"href":"https:\/\/colimdo.org\/wp-api\/wp\/v2\/posts\/48383\/revisions"}],"predecessor-version":[{"id":48385,"href":"https:\/\/colimdo.org\/wp-api\/wp\/v2\/posts\/48383\/revisions\/48385"}],"wp:featuredmedia":[{"embeddable":true,"href":"https:\/\/colimdo.org\/wp-api\/wp\/v2\/media\/48384"}],"wp:attachment":[{"href":"https:\/\/colimdo.org\/wp-api\/wp\/v2\/media?parent=48383"}],"wp:term":[{"taxonomy":"category","embeddable":true,"href":"https:\/\/colimdo.org\/wp-api\/wp\/v2\/categories?post=48383"},{"taxonomy":"post_tag","embeddable":true,"href":"https:\/\/colimdo.org\/wp-api\/wp\/v2\/tags?post=48383"}],"curies":[{"name":"wp","href":"https:\/\/api.w.org\/{rel}","templated":true}]}}