{"id":48387,"date":"2019-02-08T14:18:28","date_gmt":"2019-02-08T14:18:28","guid":{"rendered":"https:\/\/colimdo.org\/?p=48387"},"modified":"2019-02-08T14:18:28","modified_gmt":"2019-02-08T14:18:28","slug":"nadal-intencion-estar-la-copa-davis-los-juegos-olimpicos","status":"publish","type":"post","link":"https:\/\/colimdo.org\/noticias\/nadal-intencion-estar-la-copa-davis-los-juegos-olimpicos\/","title":{"rendered":"Nadal: &#8220;Mi intenci\u00f3n es estar en la Copa Davis y los Juegos Ol\u00edmpicos&#8221;"},"content":{"rendered":"<div class=\"article-meta\">\n<p>EFE. El espa\u00f1ol Rafa Nadal asegur\u00f3 este jueves, durante su intervenci\u00f3n en el coloquio &#8220;Di\u00e1logos de Futuro con Rafa Nadal&#8221;, organizado por el Banco Sabadell, que su intenci\u00f3n es participar tanto en la nueva Copa Davis como en los pr\u00f3ximos Juegos Ol\u00edmpicos de Tokio 2020.<\/p>\n<\/div>\n<p>&#8220;Mi intenci\u00f3n es estar. Es un evento nuevo y hay que darle la oportunidad. A m\u00ed me encantaba la anterior Copa Davis pero no estaba adaptada a los nuevos tiempos. Con ese formato los mejores tenistas del mundo no compet\u00edan habitualmente, y eso es malo. A partir de ah\u00ed se han buscando cambios, si son los adecuados o no se ver\u00e1 con tiempo&#8221;, coment\u00f3.<\/p>\n<p>En este sentido, record\u00f3 que todav\u00eda faltan &#8220;siete u ocho meses&#8221; pero que su &#8220;intenci\u00f3n&#8221; es estar en la Caja M\u00e1gica, aunque no se pronunci\u00f3 cuando se le cuestion\u00f3 por la presencia del suizo Roger Federer o el serbio Novak Djokovic.<\/p>\n<p>&#8220;Estar\u00e1n los que quieran estar, yo no s\u00e9 quienes van a querer jugarla. No lo s\u00e9. Hay una cosa que es evidente. Los jugadores m\u00e1s veteranos como Murray, Federer o Djokovic pueden tener una idea del calendario pero luego suceden cosas y hay que tomar decisiones&#8221;, explic\u00f3.<\/p>\n<p>Nadal, que fue interrumpido varias veces por los aplausos del p\u00fablico que abarrot\u00f3 el Auditorio Mar de Vigo, tambi\u00e9n mostr\u00f3 su deseo de estar en la pr\u00f3xima cita ol\u00edmpica: &#8220;Me perd\u00ed los Juegos de Londres por problemas en la rodilla pero pude disfrutar los de Pek\u00edn y R\u00edo. Y s\u00e9 que los de Tokyo van a ser espectaculares, as\u00ed que intentar\u00e9 estar&#8221;.<\/p>\n<p>El tenista mallorqu\u00edn reconoci\u00f3 que no estaba &#8220;preparado&#8221; para afrontar la final del Open de Australia que perdi\u00f3 contra Djokovic porque requer\u00eda &#8220;m\u00e1s f\u00edsico&#8221;, a la cual, dijo, no lleg\u00f3 en su mejor momento por las lesiones, por eso no sali\u00f3 &#8220;satisfecho&#8221; con su rendimiento.<\/p>\n<p>Nadal tampoco escondi\u00f3 durante su intervenci\u00f3n que el final de los tres tenistas que han dominado el circuito en los \u00faltimos a\u00f1os -Federer, Djokovic y \u00e9l- est\u00e1 &#8220;cerca&#8221; porque &#8220;las cosas no son eternas, los a\u00f1os pasan y es evidente que estamos en el tramo final de nuestra carrera&#8221;.<\/p>\n","protected":false},"excerpt":{"rendered":"<p>El tenista espa\u00f1ol quiere apoyar el nuevo formato de la Copa Davis y asegur\u00f3 que ser\u00e1 divertido estar en Tokio 2020.<\/p>\n","protected":false},"author":16,"featured_media":48388,"comment_status":"closed","ping_status":"closed","sticky":false,"template":"","format":"standard","meta":[],"categories":[3,2,60],"tags":[],"acf":[],"_links":{"self":[{"href":"https:\/\/colimdo.org\/wp-api\/wp\/v2\/posts\/48387"}],"collection":[{"href":"https:\/\/colimdo.org\/wp-api\/wp\/v2\/posts"}],"about":[{"href":"https:\/\/colimdo.org\/wp-api\/wp\/v2\/types\/post"}],"author":[{"embeddable":true,"href":"https:\/\/colimdo.org\/wp-api\/wp\/v2\/users\/16"}],"replies":[{"embeddable":true,"href":"https:\/\/colimdo.org\/wp-api\/wp\/v2\/comments?post=48387"}],"version-history":[{"count":1,"href":"https:\/\/colimdo.org\/wp-api\/wp\/v2\/posts\/48387\/revisions"}],"predecessor-version":[{"id":48389,"href":"https:\/\/colimdo.org\/wp-api\/wp\/v2\/posts\/48387\/revisions\/48389"}],"wp:featuredmedia":[{"embeddable":true,"href":"https:\/\/colimdo.org\/wp-api\/wp\/v2\/media\/48388"}],"wp:attachment":[{"href":"https:\/\/colimdo.org\/wp-api\/wp\/v2\/media?parent=48387"}],"wp:term":[{"taxonomy":"category","embeddable":true,"href":"https:\/\/colimdo.org\/wp-api\/wp\/v2\/categories?post=48387"},{"taxonomy":"post_tag","embeddable":true,"href":"https:\/\/colimdo.org\/wp-api\/wp\/v2\/tags?post=48387"}],"curies":[{"name":"wp","href":"https:\/\/api.w.org\/{rel}","templated":true}]}}