{"id":48390,"date":"2019-02-08T15:20:48","date_gmt":"2019-02-08T15:20:48","guid":{"rendered":"https:\/\/colimdo.org\/?p=48390"},"modified":"2019-02-08T15:20:48","modified_gmt":"2019-02-08T15:20:48","slug":"messi-maradona-dieron-adios-emiliano-sala","status":"publish","type":"post","link":"https:\/\/colimdo.org\/noticias\/messi-maradona-dieron-adios-emiliano-sala\/","title":{"rendered":"Messi y Maradona dieron adi\u00f3s a Emiliano Sala"},"content":{"rendered":"<p>BARCELONA &#8212; La confirmaci\u00f3n de la muerte de Emiliano Sala, una vez conocido que\u00a0el cuerpo hallado\u00a0en la avioneta siniestrada en el Canal de la Mancha era el del jugador argentino, conmovi\u00f3 al mundo del f\u00fatbol, que reaccion\u00f3 con multitud de mensajes de apoyo para su familia en las \u00faltimas horas.<\/p>\n<p>Lionel Messi, pendiente desde que se conoci\u00f3 el accidente y que\u00a0anim\u00f3 a no cesar en la b\u00fasqueda\u00a0de su compatriota, se sum\u00f3 tambi\u00e9n este viernes en sus muestras de condolencia, publicando una nota en Instagram.<\/p>\n<p>Sobre un fondo negro, el crack azulgrana mand\u00f3 un conmovedor mensaje: \u201cMis condolencias a los familiares y amigos de Emiliano. Estamos con ustedes y les mandamos toda nuestra fuerza. Que en paz descanses\u201d.<\/p>\n<p>Messi conoci\u00f3 en la noche del jueves la noticia definitiva, de que el cuerpo hallado en el interior de la avioneta que cay\u00f3 al mar era el de Emiliano Sala y si desde el momento del accidente estuvo centrado en su apoyo a buscar al futbolista y as\u00ed lo manifest\u00f3 en las redes sociales, una vez confirmado el fatal desenlace no pudo por menos que sumarse a las muestras de condolencia que se han multiplicado en las \u00faltimas horas.<\/p>\n<p>Maradona<\/p>\n<p>El entrenador de los\u00a0Dorados de Sinaloa\u00a0y considerado como uno de los jugadores m\u00e1s grandes en la historia del balompi\u00e9 internacional,\u00a0Diego Armando Maradona, lament\u00f3 la noticia sobre el fallecimiento de\u00a0Emiliano Sala, luego que autoridades confirmaran que los restos encontrados pertenecen al jugador argentino.<\/p>\n<p>\u201cLamento much\u00edsimo esta noticia tan triste. Muchos guard\u00e1bamos una luz de esperanza por vos, Emiliano. Le mando un abrazo muy grande a tus familiares y amigos, y agradezco en nombre de los argentinos el respeto de los colegas e hinchas de todas partes del mundo. Hasta siempre Emiliano\u201d, escribi\u00f3 Maradona en sus redes sociales.<\/p>\n<p>Este jueves se inform\u00f3 que el cuerpo encontrado por los cuerpos de b\u00fasqueda en el Canal de la Mancha era del joven jugador y adem\u00e1s de Maradona se manifestaron personajes como Gabriel Bastituta, Sergio \u2018Kun\u2019 Ag\u00fcero, Javier Mascherano, Leonardo Ponzio, Dar\u00edo Benedetto, Erik Lamela y algunos m\u00e1s, que mandaron mensajes de condolencias.<\/p>\n","protected":false},"excerpt":{"rendered":"<p>Las dos principales estrellas en la historia del f\u00fatbol argentino, lamentaron la muerte de su compatriota y tambi\u00e9n ex futbolista Emiliano Sala.<\/p>\n","protected":false},"author":16,"featured_media":48391,"comment_status":"closed","ping_status":"closed","sticky":false,"template":"","format":"standard","meta":[],"categories":[2,60],"tags":[],"acf":[],"_links":{"self":[{"href":"https:\/\/colimdo.org\/wp-api\/wp\/v2\/posts\/48390"}],"collection":[{"href":"https:\/\/colimdo.org\/wp-api\/wp\/v2\/posts"}],"about":[{"href":"https:\/\/colimdo.org\/wp-api\/wp\/v2\/types\/post"}],"author":[{"embeddable":true,"href":"https:\/\/colimdo.org\/wp-api\/wp\/v2\/users\/16"}],"replies":[{"embeddable":true,"href":"https:\/\/colimdo.org\/wp-api\/wp\/v2\/comments?post=48390"}],"version-history":[{"count":1,"href":"https:\/\/colimdo.org\/wp-api\/wp\/v2\/posts\/48390\/revisions"}],"predecessor-version":[{"id":48392,"href":"https:\/\/colimdo.org\/wp-api\/wp\/v2\/posts\/48390\/revisions\/48392"}],"wp:featuredmedia":[{"embeddable":true,"href":"https:\/\/colimdo.org\/wp-api\/wp\/v2\/media\/48391"}],"wp:attachment":[{"href":"https:\/\/colimdo.org\/wp-api\/wp\/v2\/media?parent=48390"}],"wp:term":[{"taxonomy":"category","embeddable":true,"href":"https:\/\/colimdo.org\/wp-api\/wp\/v2\/categories?post=48390"},{"taxonomy":"post_tag","embeddable":true,"href":"https:\/\/colimdo.org\/wp-api\/wp\/v2\/tags?post=48390"}],"curies":[{"name":"wp","href":"https:\/\/api.w.org\/{rel}","templated":true}]}}